{"id":142006,"date":"2019-12-20T14:18:16","date_gmt":"2019-12-20T17:18:16","guid":{"rendered":"http:\/\/www.caririemacao.com\/1\/?p=142006"},"modified":"2019-12-20T14:18:16","modified_gmt":"2019-12-20T17:18:16","slug":"verao-comeca-na-madrugada-deste-domingo-22","status":"publish","type":"post","link":"https:\/\/www.caririemacao.com\/1\/2019\/12\/20\/verao-comeca-na-madrugada-deste-domingo-22\/","title":{"rendered":"Ver\u00e3o come\u00e7a na madrugada deste domingo (22)"},"content":{"rendered":"\n<p>Com temperaturas mais baixas que o de costume para a \u00e9poca em diversas partes do pa\u00eds, o ver\u00e3o come\u00e7a na madrugada de domingo e vai at\u00e9 20 de mar\u00e7o.<\/p>\n\n\n\n<p>Desta vez, a esta\u00e7\u00e3o n\u00e3o sofrer\u00e1 os efeitos de fen\u00f4menos clim\u00e1ticos que possam interferir na quantidade de chuvas, como explica o meteorologista do Inmet, Instituto Nacional de Meteorologia, Almerino Marinho.<\/p>\n\n\n\n<p>Mesmo com a previs\u00e3o de chuvas dentro da m\u00e9dia, algumas regi\u00f5es do Brasil poder\u00e3o ter uma precipita\u00e7\u00e3o maior do que o esperado. Na regi\u00e3o Norte, a previs\u00e3o \u00e9 de chuvas dentro da faixa normal ou abaixo, especialmente no Par\u00e1 e Amazonas. J\u00e1 no Tocantins, A tend\u00eancia \u00e9 de chuvas acima da m\u00e9dia.<\/p>\n\n\n\n<p>No Nordeste, predom\u00ednio de chuva acima da m\u00e9dia deve se confirmar na Bahia, em Alagoas e em Pernambuco, assim como no sul dos estados do Maranh\u00e3o e do Piau\u00ed. Nas demais \u00e1reas, h\u00e1 possibilidade de que as chuvas fiquem abaixo da m\u00e9dia, com temperaturas predominantemente elevadas.<\/p>\n\n\n\n<p>No Centro-Oeste, a nova esta\u00e7\u00e3o, pode chover em grande parte da regi\u00e3o. J\u00e1 o centro-sul de Mato Grosso, sul de Goi\u00e1s e parte do Mato Grosso do Sul, est\u00e3o com a probabilidade de \u00edndices pluviom\u00e9tricos inferiores \u00e0 m\u00e9dia neste ver\u00e3o. Em rela\u00e7\u00e3o \u00e0s temperaturas, as previs\u00f5es indicam que devem ultrapassar a m\u00e9dia da esta\u00e7\u00e3o.<\/p>\n\n\n\n<p><br>Na Regi\u00e3o Sudeste, a previs\u00e3o para os pr\u00f3ximos tr\u00eas meses \u00e9 de chuva variando dentro da faixa normal em grande parte de Minas Gerais e no Esp\u00edrito Santo. Nas demais \u00e1reas, as probabilidades indicam o risco de chuvas abaixo do normal.<\/p>\n\n\n\n<p>O mesmo deve acontecer no Sul do pa\u00eds,&nbsp;principalmente no Rio Grande do Sul e parte de Santa Catarina. As temperaturas devem ser predominantemente elevadas, por\u00e9m dentro da m\u00e9dia local da esta\u00e7\u00e3o.<\/p>\n","protected":false},"excerpt":{"rendered":"<p>Com temperaturas mais baixas que o de costume para a \u00e9poca em diversas partes do pa\u00eds, o ver\u00e3o come\u00e7a na madrugada de domingo e vai&hellip; <\/p>\n","protected":false},"author":1,"featured_media":77719,"comment_status":"closed","ping_status":"closed","sticky":false,"template":"","format":"standard","meta":{"sfsi_plus_gutenberg_text_before_share":"","sfsi_plus_gutenberg_show_text_before_share":"","sfsi_plus_gutenberg_icon_type":"","sfsi_plus_gutenberg_icon_alignemt":"","sfsi_plus_gutenburg_max_per_row":"","footnotes":""},"categories":[2],"tags":[],"class_list":["post-142006","post","type-post","status-publish","format-standard","has-post-thumbnail","hentry","category-geral"],"_links":{"self":[{"href":"https:\/\/www.caririemacao.com\/1\/wp-json\/wp\/v2\/posts\/142006","targetHints":{"allow":["GET"]}}],"collection":[{"href":"https:\/\/www.caririemacao.com\/1\/wp-json\/wp\/v2\/posts"}],"about":[{"href":"https:\/\/www.caririemacao.com\/1\/wp-json\/wp\/v2\/types\/post"}],"author":[{"embeddable":true,"href":"https:\/\/www.caririemacao.com\/1\/wp-json\/wp\/v2\/users\/1"}],"replies":[{"embeddable":true,"href":"https:\/\/www.caririemacao.com\/1\/wp-json\/wp\/v2\/comments?post=142006"}],"version-history":[{"count":1,"href":"https:\/\/www.caririemacao.com\/1\/wp-json\/wp\/v2\/posts\/142006\/revisions"}],"predecessor-version":[{"id":142007,"href":"https:\/\/www.caririemacao.com\/1\/wp-json\/wp\/v2\/posts\/142006\/revisions\/142007"}],"wp:featuredmedia":[{"embeddable":true,"href":"https:\/\/www.caririemacao.com\/1\/wp-json\/wp\/v2\/media\/77719"}],"wp:attachment":[{"href":"https:\/\/www.caririemacao.com\/1\/wp-json\/wp\/v2\/media?parent=142006"}],"wp:term":[{"taxonomy":"category","embeddable":true,"href":"https:\/\/www.caririemacao.com\/1\/wp-json\/wp\/v2\/categories?post=142006"},{"taxonomy":"post_tag","embeddable":true,"href":"https:\/\/www.caririemacao.com\/1\/wp-json\/wp\/v2\/tags?post=142006"}],"curies":[{"name":"wp","href":"https:\/\/api.w.org\/{rel}","templated":true}]}}