{"id":142011,"date":"2019-12-20T14:19:50","date_gmt":"2019-12-20T17:19:50","guid":{"rendered":"http:\/\/www.caririemacao.com\/1\/?p=142011"},"modified":"2019-12-20T14:19:50","modified_gmt":"2019-12-20T17:19:50","slug":"inep-anula-questao-da-prova-de-matematica-do-enem-aplicado-a-detentos","status":"publish","type":"post","link":"https:\/\/www.caririemacao.com\/1\/2019\/12\/20\/inep-anula-questao-da-prova-de-matematica-do-enem-aplicado-a-detentos\/","title":{"rendered":"Inep anula quest\u00e3o da prova de matem\u00e1tica do Enem aplicado a detentos"},"content":{"rendered":"\n<p>O Exame Nacional do Ensino M\u00e9dio para Pessoas Privadas de Liberdade (Enem PPL) e a reaplica\u00e7\u00e3o do Enem 2019 ter\u00e3o uma quest\u00e3o de matem\u00e1tica anulada.<\/p>\n\n\n\n<p>O Instituto Nacional de Estudos e Pesquisas Educacionais An\u00edsio Teixeira (Inep), respons\u00e1vel pela aplica\u00e7\u00e3o da prova, identificou que o item 166 do caderno azul fez parte da prova do Enem PPL\/reaplica\u00e7\u00e3o de 2018 (quest\u00e3o 156 do caderno azul).<\/p>\n\n\n\n<p>Os exames foram aplicados nos dias 10 e 11 de dezembro, com o primeiro dia reservado a ci\u00eancias humanas, tecnologias e linguagens e o segundo dia, a ci\u00eancias da natureza e matem\u00e1tica.<\/p>\n\n\n\n<p>O Enem PPL \u00e9 voltado a pessoas presas ou em unidades de cumprimento de medida socioeducativa. O n\u00edvel de dificuldade \u00e9 o mesmo em todos os exames.<\/p>\n\n\n\n<p>O teste \u00e9 reaplicado quando ocorre algum problema na hora das provas e, em raz\u00e3o disso, os candidatos que se sentem prejudicados solicitam nova aplica\u00e7\u00e3o.<\/p>\n\n\n\n<p>Segundo o Minist\u00e9rio da Educa\u00e7\u00e3o (MEC), a anula\u00e7\u00e3o da quest\u00e3o n\u00e3o compromete as notas dos participantes.<\/p>\n\n\n\n<h2 class=\"wp-block-heading\">Libras<\/h2>\n\n\n\n<p>O Minist\u00e9rio da Educa\u00e7\u00e3o disponibilizou a videoprova em Libras do Enem para verificar a prova e conferir o gabarito. O material est\u00e1 dispon\u00edvel em uma plataforma espec\u00edfica, no&nbsp;<a href=\"http:\/\/enemvideolibras.inep.gov.br\/\" target=\"_blank\" rel=\"noreferrer noopener\">portal&nbsp;<\/a>do \u00f3rg\u00e3o.<\/p>\n\n\n\n<p>Na plataforma, tamb\u00e9m h\u00e1 enunciados e op\u00e7\u00f5es de resposta da videoprova. Segundo o MEC, o conte\u00fado permite que pessoas com defici\u00eancia auditiva possam estudar com base nesses formatos de acessibilidade.<\/p>\n","protected":false},"excerpt":{"rendered":"<p>O Exame Nacional do Ensino M\u00e9dio para Pessoas Privadas de Liberdade (Enem PPL) e a reaplica\u00e7\u00e3o do Enem 2019 ter\u00e3o uma quest\u00e3o de matem\u00e1tica anulada.&hellip; <\/p>\n","protected":false},"author":1,"featured_media":88641,"comment_status":"closed","ping_status":"closed","sticky":false,"template":"","format":"standard","meta":{"sfsi_plus_gutenberg_text_before_share":"","sfsi_plus_gutenberg_show_text_before_share":"","sfsi_plus_gutenberg_icon_type":"","sfsi_plus_gutenberg_icon_alignemt":"","sfsi_plus_gutenburg_max_per_row":"","footnotes":""},"categories":[14],"tags":[],"class_list":["post-142011","post","type-post","status-publish","format-standard","has-post-thumbnail","hentry","category-educacao"],"_links":{"self":[{"href":"https:\/\/www.caririemacao.com\/1\/wp-json\/wp\/v2\/posts\/142011","targetHints":{"allow":["GET"]}}],"collection":[{"href":"https:\/\/www.caririemacao.com\/1\/wp-json\/wp\/v2\/posts"}],"about":[{"href":"https:\/\/www.caririemacao.com\/1\/wp-json\/wp\/v2\/types\/post"}],"author":[{"embeddable":true,"href":"https:\/\/www.caririemacao.com\/1\/wp-json\/wp\/v2\/users\/1"}],"replies":[{"embeddable":true,"href":"https:\/\/www.caririemacao.com\/1\/wp-json\/wp\/v2\/comments?post=142011"}],"version-history":[{"count":1,"href":"https:\/\/www.caririemacao.com\/1\/wp-json\/wp\/v2\/posts\/142011\/revisions"}],"predecessor-version":[{"id":142012,"href":"https:\/\/www.caririemacao.com\/1\/wp-json\/wp\/v2\/posts\/142011\/revisions\/142012"}],"wp:featuredmedia":[{"embeddable":true,"href":"https:\/\/www.caririemacao.com\/1\/wp-json\/wp\/v2\/media\/88641"}],"wp:attachment":[{"href":"https:\/\/www.caririemacao.com\/1\/wp-json\/wp\/v2\/media?parent=142011"}],"wp:term":[{"taxonomy":"category","embeddable":true,"href":"https:\/\/www.caririemacao.com\/1\/wp-json\/wp\/v2\/categories?post=142011"},{"taxonomy":"post_tag","embeddable":true,"href":"https:\/\/www.caririemacao.com\/1\/wp-json\/wp\/v2\/tags?post=142011"}],"curies":[{"name":"wp","href":"https:\/\/api.w.org\/{rel}","templated":true}]}}