{"id":142020,"date":"2019-12-20T14:23:15","date_gmt":"2019-12-20T17:23:15","guid":{"rendered":"http:\/\/www.caririemacao.com\/1\/?p=142020"},"modified":"2019-12-20T14:23:15","modified_gmt":"2019-12-20T17:23:15","slug":"stj-suspende-medida-provisoria-de-bolsonaro-que-extingue-dpvat","status":"publish","type":"post","link":"https:\/\/www.caririemacao.com\/1\/2019\/12\/20\/stj-suspende-medida-provisoria-de-bolsonaro-que-extingue-dpvat\/","title":{"rendered":"STJ suspende medida provis\u00f3ria de Bolsonaro que extingue DPVAT"},"content":{"rendered":"\n<p>O STF (Supremo Tribunal Federal), em sess\u00e3o virtual do plen\u00e1rio na noite desta quinta-feira (19), suspendeu a MP (medida provis\u00f3ria) de Jair Bolsonaro que extingue o DPVAT, seguro obrigat\u00f3rio de ve\u00edculos.O relator da a\u00e7\u00e3o, o ministro Edson Fachin, atendeu pedido da Rede e foi seguido por cinco colegas: Alexandre de Moraes, Marco Aur\u00e9lio Mello, Rosa Weber, Dias Toffoli e Luiz Fux.Ricardo Lewandowski, Gilmar Mendes e Celso de Mello rejeitaram o pedido de suspens\u00e3o da MP. A ministra C\u00e1rmen L\u00facia n\u00e3o participou do julgamento. Lu\u00eds Roberto Barroso declarou-se suspeito.O julgamento foi encerrado \u00e0s 23h59 desta quinta. Os ministros analisaram uma cautelar, e o m\u00e9rito da a\u00e7\u00e3o ainda ser\u00e1 analisado pelo plen\u00e1rio, o que n\u00e3o tem data marcada para ocorrer.Bolsonaro editou a MP no dia 11 de novembro. Ele justificou o fim do seguro mediante os altos \u00edndices de fraudes e os elevados cust os operacionais. O DPVAT foi criado em 1974.Em dez anos, o seguro foi respons\u00e1vel pela indeniza\u00e7\u00e3o de mais de 4,5 milh\u00f5es de acidentados no tr\u00e2nsito brasileiro (485 mil desses casos foram fatais). Al\u00e9m de indeniza\u00e7\u00f5es por mortes, o seguro tamb\u00e9m cobre gastos hospitalares e sequelas permanentes.Nos casos de morte, o valor da indeniza\u00e7\u00e3o \u00e9 de R$ 13.500 e de invalidez permanente, de R$ 135 a R$ 13.500. J\u00e1 para os casos de reembolso de despesas m\u00e9dicas e suplementares, o teto \u00e9 de R$ 2.700 por acidente.A Rede argumentou que a extin\u00e7\u00e3o apenas poderia ser feita por meio de projeto de lei complementar e n\u00e3o medida provis\u00f3ria.Fachin escreveu que a MP de Bolsonaro \u201catenta contra a cl\u00e1usula de reserva de lei complementar prevista constitucionalmente\u201d ao concordar com os argumentos da Rede, que pediu a inconstitucionalidade da extin\u00e7\u00e3o.\u201cH\u00e1, ao menos do que se tem do atual quadro processual, plena plausibilidade na alega\u00e7\u00e3o de inconstitucionalidade deduzida pela inicial [peti\u00e7\u00e3o do partido]\u201d, afirmou o ministro.Bolsonaro tamb\u00e9m havia extinguido o DPEM, seguro voltado a danos pessoais causados por embarca\u00e7\u00f5es. A decis\u00e3o atinge todas as modalidades de seguros.\u201cComo se depreende do texto constitucional, \u00e9 necess\u00e1ria lei complementar para dispor sobre os aspectos regulat\u00f3rios do sistema financeiro nacional\u201d, afirmou Fachin.S\u00f3 em 2018 foram identificados 12 mil fraudes ao seguro. O custo total do seguro \u00e9 de R$ 8,9 bilh\u00f5es. O governo estima que seriam necess\u00e1rios R$ 4,2 bilh\u00f5es para cobrir os valores pagos \u00e0s v\u00edtimas. Outros R$ 4,7 bilh\u00f5es seriam referentes \u00e0 administra\u00e7\u00e3o e fiscaliza\u00e7\u00e3o do recurso. \u200bUma MP tem validade por no m\u00e1ximo 120 dias.<\/p>\n","protected":false},"excerpt":{"rendered":"<p>O STF (Supremo Tribunal Federal), em sess\u00e3o virtual do plen\u00e1rio na noite desta quinta-feira (19), suspendeu a MP (medida provis\u00f3ria) de Jair Bolsonaro que extingue&hellip; <\/p>\n","protected":false},"author":1,"featured_media":13863,"comment_status":"closed","ping_status":"closed","sticky":false,"template":"","format":"standard","meta":{"sfsi_plus_gutenberg_text_before_share":"","sfsi_plus_gutenberg_show_text_before_share":"","sfsi_plus_gutenberg_icon_type":"","sfsi_plus_gutenberg_icon_alignemt":"","sfsi_plus_gutenburg_max_per_row":"","footnotes":""},"categories":[11],"tags":[],"class_list":["post-142020","post","type-post","status-publish","format-standard","has-post-thumbnail","hentry","category-politica"],"_links":{"self":[{"href":"https:\/\/www.caririemacao.com\/1\/wp-json\/wp\/v2\/posts\/142020","targetHints":{"allow":["GET"]}}],"collection":[{"href":"https:\/\/www.caririemacao.com\/1\/wp-json\/wp\/v2\/posts"}],"about":[{"href":"https:\/\/www.caririemacao.com\/1\/wp-json\/wp\/v2\/types\/post"}],"author":[{"embeddable":true,"href":"https:\/\/www.caririemacao.com\/1\/wp-json\/wp\/v2\/users\/1"}],"replies":[{"embeddable":true,"href":"https:\/\/www.caririemacao.com\/1\/wp-json\/wp\/v2\/comments?post=142020"}],"version-history":[{"count":1,"href":"https:\/\/www.caririemacao.com\/1\/wp-json\/wp\/v2\/posts\/142020\/revisions"}],"predecessor-version":[{"id":142022,"href":"https:\/\/www.caririemacao.com\/1\/wp-json\/wp\/v2\/posts\/142020\/revisions\/142022"}],"wp:featuredmedia":[{"embeddable":true,"href":"https:\/\/www.caririemacao.com\/1\/wp-json\/wp\/v2\/media\/13863"}],"wp:attachment":[{"href":"https:\/\/www.caririemacao.com\/1\/wp-json\/wp\/v2\/media?parent=142020"}],"wp:term":[{"taxonomy":"category","embeddable":true,"href":"https:\/\/www.caririemacao.com\/1\/wp-json\/wp\/v2\/categories?post=142020"},{"taxonomy":"post_tag","embeddable":true,"href":"https:\/\/www.caririemacao.com\/1\/wp-json\/wp\/v2\/tags?post=142020"}],"curies":[{"name":"wp","href":"https:\/\/api.w.org\/{rel}","templated":true}]}}