{"id":142036,"date":"2019-12-20T17:38:03","date_gmt":"2019-12-20T20:38:03","guid":{"rendered":"http:\/\/www.caririemacao.com\/1\/?p=142036"},"modified":"2019-12-20T17:38:03","modified_gmt":"2019-12-20T20:38:03","slug":"prefeito-eden-duarte-participa-de-reuniao-com-conselheiros-do-odm","status":"publish","type":"post","link":"https:\/\/www.caririemacao.com\/1\/2019\/12\/20\/prefeito-eden-duarte-participa-de-reuniao-com-conselheiros-do-odm\/","title":{"rendered":"Prefeito \u00c9den Duarte participa de reuni\u00e3o com conselheiros do ODM"},"content":{"rendered":"\n<p>O prefeito de Sum\u00e9, \u00c9den Duarte, participou nessa sexta-feira (20), da \u00faltima Reuni\u00e3o do ano de 2019 do Conselho Municipal do Or\u00e7amento Democr\u00e1tico Municipal (ODM), com a participa\u00e7\u00e3o de 20 conselheiros, em sua maioria, representantes das comunidades rurais. O encontro ocorreu no audit\u00f3rio da Secretaria Municipal de Sa\u00fade e teve como objetivo principal fazer um breve balan\u00e7o sobre a implanta\u00e7\u00e3o da ferramenta de gest\u00e3o no munic\u00edpio.<\/p>\n\n\n\n<div class=\"wp-block-image\"><figure class=\"alignright\"><a href=\"http:\/\/www.sume.pb.gov.br\/wp-content\/uploads\/2019\/12\/IMG-20191220-WA0016.jpg\"><img decoding=\"async\" data-src=\"http:\/\/www.sume.pb.gov.br\/wp-content\/uploads\/2019\/12\/IMG-20191220-WA0016-300x225.jpg\" alt=\"\" class=\"wp-image-9394 lazyload\" src=\"data:image\/svg+xml;base64,PHN2ZyB3aWR0aD0iMSIgaGVpZ2h0PSIxIiB4bWxucz0iaHR0cDovL3d3dy53My5vcmcvMjAwMC9zdmciPjwvc3ZnPg==\" style=\"--smush-placeholder-width: 300px; --smush-placeholder-aspect-ratio: 300\/225;\" \/><\/a><\/figure><\/div>\n\n\n\n<p>\u00c9den fez quest\u00e3o de enaltecer o sucesso do ODM e destacou o papel importante que os conselheiros v\u00eam desempenhado junto \u00e0s comunidades, na defini\u00e7\u00e3o e implementa\u00e7\u00e3o das pol\u00edticas p\u00fablicas no munic\u00edpio. \u201c\u00c9 uma forma de empoderar o cidad\u00e3o. Essa ferramenta \u00e9 muito importante para corrigir rumos. \u00c9 algo que n\u00e3o tem mais como retroceder, inclusive estamos pautando a maioria de nossas a\u00e7\u00f5es com base no ODM, enfatizou o prefeito.&nbsp;<\/p>\n\n\n\n<p>Ap\u00f3s \u00c9den falar sobre as principais a\u00e7\u00f5es demandadas no ODM, e que j\u00e1 est\u00e3o em execu\u00e7\u00e3o no munic\u00edpio, ele aproveitou o ensejo para ouvir os presentes que usaram a palavra n\u00e3o s\u00f3 para reivindicar, mas tamb\u00e9m para agradecer. &nbsp;O presidente da Associa\u00e7\u00e3o do Assentamento Mandacaru e conselheiro eleito do ODM, Maraca, elogiou o trabalho do prefeito \u00c9den, no munic\u00edpio, principalmente junto \u00e0s comunidades rurais. Maraca, inclusive, destacou em forma de agradecimento a implanta\u00e7\u00e3o do Sistema Salta Z, na comunidade do Assentamento Mandacaru.<\/p>\n\n\n\n<div class=\"wp-block-image\"><figure class=\"alignleft\"><a href=\"http:\/\/www.sume.pb.gov.br\/wp-content\/uploads\/2019\/12\/IMG-20191220-WA0007.jpg\"><img decoding=\"async\" data-src=\"http:\/\/www.sume.pb.gov.br\/wp-content\/uploads\/2019\/12\/IMG-20191220-WA0007-300x225.jpg\" alt=\"\" class=\"wp-image-9395 lazyload\" src=\"data:image\/svg+xml;base64,PHN2ZyB3aWR0aD0iMSIgaGVpZ2h0PSIxIiB4bWxucz0iaHR0cDovL3d3dy53My5vcmcvMjAwMC9zdmciPjwvc3ZnPg==\" style=\"--smush-placeholder-width: 300px; --smush-placeholder-aspect-ratio: 300\/225;\" \/><\/a><\/figure><\/div>\n\n\n\n<p>Estiveram presentes, tamb\u00e9m na terceira reuni\u00e3o do ODM, o secret\u00e1rio de Agricultura do munic\u00edpio, Isca Viana, o chefe de gabinete, Jeandro Rafael e o coordenador do ODM, Marivaldo Alc\u00e2ntara.<\/p>\n\n\n\n<p>Ascom PMS<\/p>\n","protected":false},"excerpt":{"rendered":"<p>O prefeito de Sum\u00e9, \u00c9den Duarte, participou nessa sexta-feira (20), da \u00faltima Reuni\u00e3o do ano de 2019 do Conselho Municipal do Or\u00e7amento Democr\u00e1tico Municipal (ODM),&hellip; <\/p>\n","protected":false},"author":1,"featured_media":142037,"comment_status":"closed","ping_status":"closed","sticky":false,"template":"","format":"standard","meta":{"sfsi_plus_gutenberg_text_before_share":"","sfsi_plus_gutenberg_show_text_before_share":"","sfsi_plus_gutenberg_icon_type":"","sfsi_plus_gutenberg_icon_alignemt":"","sfsi_plus_gutenburg_max_per_row":"","footnotes":""},"categories":[2],"tags":[],"class_list":["post-142036","post","type-post","status-publish","format-standard","has-post-thumbnail","hentry","category-geral"],"_links":{"self":[{"href":"https:\/\/www.caririemacao.com\/1\/wp-json\/wp\/v2\/posts\/142036","targetHints":{"allow":["GET"]}}],"collection":[{"href":"https:\/\/www.caririemacao.com\/1\/wp-json\/wp\/v2\/posts"}],"about":[{"href":"https:\/\/www.caririemacao.com\/1\/wp-json\/wp\/v2\/types\/post"}],"author":[{"embeddable":true,"href":"https:\/\/www.caririemacao.com\/1\/wp-json\/wp\/v2\/users\/1"}],"replies":[{"embeddable":true,"href":"https:\/\/www.caririemacao.com\/1\/wp-json\/wp\/v2\/comments?post=142036"}],"version-history":[{"count":1,"href":"https:\/\/www.caririemacao.com\/1\/wp-json\/wp\/v2\/posts\/142036\/revisions"}],"predecessor-version":[{"id":142038,"href":"https:\/\/www.caririemacao.com\/1\/wp-json\/wp\/v2\/posts\/142036\/revisions\/142038"}],"wp:featuredmedia":[{"embeddable":true,"href":"https:\/\/www.caririemacao.com\/1\/wp-json\/wp\/v2\/media\/142037"}],"wp:attachment":[{"href":"https:\/\/www.caririemacao.com\/1\/wp-json\/wp\/v2\/media?parent=142036"}],"wp:term":[{"taxonomy":"category","embeddable":true,"href":"https:\/\/www.caririemacao.com\/1\/wp-json\/wp\/v2\/categories?post=142036"},{"taxonomy":"post_tag","embeddable":true,"href":"https:\/\/www.caririemacao.com\/1\/wp-json\/wp\/v2\/tags?post=142036"}],"curies":[{"name":"wp","href":"https:\/\/api.w.org\/{rel}","templated":true}]}}