{"id":142039,"date":"2019-12-21T07:06:53","date_gmt":"2019-12-21T10:06:53","guid":{"rendered":"http:\/\/www.caririemacao.com\/1\/?p=142039"},"modified":"2019-12-21T07:06:53","modified_gmt":"2019-12-21T10:06:53","slug":"prefeitura-de-ouro-velho-promove-o-7o-brilha-natal","status":"publish","type":"post","link":"https:\/\/www.caririemacao.com\/1\/2019\/12\/21\/prefeitura-de-ouro-velho-promove-o-7o-brilha-natal\/","title":{"rendered":"Prefeitura de Ouro Velho promove o 7\u00ba Brilha Natal"},"content":{"rendered":"\n<p>Na noite desta sexta-feira (20), a Prefeitura de Ouro Velho, Prefeitura de Ouro Velho promoveu uma grande festa de Natal para crian\u00e7as. O evento foi realizado na Pra\u00e7a Coronel S\u00e9rgio Dantas.<\/p>\n\n\n\n<figure class=\"wp-block-image\"><img fetchpriority=\"high\" decoding=\"async\" width=\"1024\" height=\"678\" src=\"http:\/\/www.caririemacao.com\/1\/wp-content\/uploads\/2019\/12\/DSC_0108-1024x678.jpg\" alt=\"\" class=\"wp-image-142044\" srcset=\"https:\/\/www.caririemacao.com\/1\/wp-content\/uploads\/2019\/12\/DSC_0108-1024x678.jpg 1024w, https:\/\/www.caririemacao.com\/1\/wp-content\/uploads\/2019\/12\/DSC_0108-300x199.jpg 300w, https:\/\/www.caririemacao.com\/1\/wp-content\/uploads\/2019\/12\/DSC_0108-768x509.jpg 768w, https:\/\/www.caririemacao.com\/1\/wp-content\/uploads\/2019\/12\/DSC_0108.jpg 1600w\" sizes=\"(max-width: 1024px) 100vw, 1024px\" \/><\/figure>\n\n\n\n<p>Intitulado de Brilha Natal, a prefeitura aproveitou o espirito natalino para alegrar cerca as crian\u00e7as no munic\u00edpio. A 7\u00aa edi\u00e7\u00e3o do Brilha Natal contou com a presen\u00e7a do vice-prefeito, Fl\u00e1vio Henrique, do m\u00e9dico Dr. J\u00fanior, secret\u00e1rios, vereadores e das fam\u00edlias ourovelhenses.<\/p>\n\n\n\n<figure class=\"wp-block-image\"><img decoding=\"async\" width=\"1024\" height=\"768\" data-src=\"http:\/\/www.caririemacao.com\/1\/wp-content\/uploads\/2019\/12\/WhatsApp-Image-2019-12-21-at-07.04.41-1024x768.jpeg\" alt=\"\" class=\"wp-image-142045 lazyload\" data-srcset=\"https:\/\/www.caririemacao.com\/1\/wp-content\/uploads\/2019\/12\/WhatsApp-Image-2019-12-21-at-07.04.41-1024x768.jpeg 1024w, https:\/\/www.caririemacao.com\/1\/wp-content\/uploads\/2019\/12\/WhatsApp-Image-2019-12-21-at-07.04.41-300x225.jpeg 300w, https:\/\/www.caririemacao.com\/1\/wp-content\/uploads\/2019\/12\/WhatsApp-Image-2019-12-21-at-07.04.41-768x576.jpeg 768w, https:\/\/www.caririemacao.com\/1\/wp-content\/uploads\/2019\/12\/WhatsApp-Image-2019-12-21-at-07.04.41.jpeg 1280w\" data-sizes=\"(max-width: 1024px) 100vw, 1024px\" src=\"data:image\/svg+xml;base64,PHN2ZyB3aWR0aD0iMSIgaGVpZ2h0PSIxIiB4bWxucz0iaHR0cDovL3d3dy53My5vcmcvMjAwMC9zdmciPjwvc3ZnPg==\" style=\"--smush-placeholder-width: 1024px; --smush-placeholder-aspect-ratio: 1024\/768;\" \/><\/figure>\n\n\n\n<p>A festa come\u00e7ou com show musical, em seguida houve distribui\u00e7\u00e3o de algod\u00e3o doce e lanches. As crian\u00e7as foram presenteadas com presentes doados pela prefeitura municipal com o apoio de v\u00e1rios parceiros.<\/p>\n\n\n\n<figure class=\"wp-block-image\"><img decoding=\"async\" width=\"1024\" height=\"768\" data-src=\"http:\/\/www.caririemacao.com\/1\/wp-content\/uploads\/2019\/12\/WhatsApp-Image-2019-12-21-at-07.05.37-1024x768.jpeg\" alt=\"\" class=\"wp-image-142046 lazyload\" data-srcset=\"https:\/\/www.caririemacao.com\/1\/wp-content\/uploads\/2019\/12\/WhatsApp-Image-2019-12-21-at-07.05.37-1024x768.jpeg 1024w, https:\/\/www.caririemacao.com\/1\/wp-content\/uploads\/2019\/12\/WhatsApp-Image-2019-12-21-at-07.05.37-300x225.jpeg 300w, https:\/\/www.caririemacao.com\/1\/wp-content\/uploads\/2019\/12\/WhatsApp-Image-2019-12-21-at-07.05.37-768x576.jpeg 768w, https:\/\/www.caririemacao.com\/1\/wp-content\/uploads\/2019\/12\/WhatsApp-Image-2019-12-21-at-07.05.37.jpeg 1032w\" data-sizes=\"(max-width: 1024px) 100vw, 1024px\" src=\"data:image\/svg+xml;base64,PHN2ZyB3aWR0aD0iMSIgaGVpZ2h0PSIxIiB4bWxucz0iaHR0cDovL3d3dy53My5vcmcvMjAwMC9zdmciPjwvc3ZnPg==\" style=\"--smush-placeholder-width: 1024px; --smush-placeholder-aspect-ratio: 1024\/768;\" \/><\/figure>\n\n\n\n<p>As crian\u00e7as  tamb\u00e9m  tiveram a  presen\u00e7a de  papai Noel.<\/p>\n\n\n\n<figure class=\"wp-block-image\"><img decoding=\"async\" width=\"1024\" height=\"678\" data-src=\"http:\/\/www.caririemacao.com\/1\/wp-content\/uploads\/2019\/12\/DSC_0066-1024x678.jpg\" alt=\"\" class=\"wp-image-142043 lazyload\" data-srcset=\"https:\/\/www.caririemacao.com\/1\/wp-content\/uploads\/2019\/12\/DSC_0066-1024x678.jpg 1024w, https:\/\/www.caririemacao.com\/1\/wp-content\/uploads\/2019\/12\/DSC_0066-300x199.jpg 300w, https:\/\/www.caririemacao.com\/1\/wp-content\/uploads\/2019\/12\/DSC_0066-768x509.jpg 768w, https:\/\/www.caririemacao.com\/1\/wp-content\/uploads\/2019\/12\/DSC_0066.jpg 1600w\" data-sizes=\"(max-width: 1024px) 100vw, 1024px\" src=\"data:image\/svg+xml;base64,PHN2ZyB3aWR0aD0iMSIgaGVpZ2h0PSIxIiB4bWxucz0iaHR0cDovL3d3dy53My5vcmcvMjAwMC9zdmciPjwvc3ZnPg==\" style=\"--smush-placeholder-width: 1024px; --smush-placeholder-aspect-ratio: 1024\/678;\" \/><\/figure>\n\n\n\n<p><a href=\"https:\/\/www.facebook.com\/pg\/CaririEmAcao\/photos\/?tab=album&amp;album_id=1751201341682548\">VEJA TODAS AS FOTOS. CLIQUE AQUI.<\/a><\/p>\n","protected":false},"excerpt":{"rendered":"<p>Na noite desta sexta-feira (20), a Prefeitura de Ouro Velho, Prefeitura de Ouro Velho promoveu uma grande festa de Natal para crian\u00e7as. O evento foi&hellip; <\/p>\n","protected":false},"author":2,"featured_media":142042,"comment_status":"closed","ping_status":"closed","sticky":false,"template":"","format":"standard","meta":{"sfsi_plus_gutenberg_text_before_share":"","sfsi_plus_gutenberg_show_text_before_share":"","sfsi_plus_gutenberg_icon_type":"","sfsi_plus_gutenberg_icon_alignemt":"","sfsi_plus_gutenburg_max_per_row":"","footnotes":""},"categories":[6,50,1],"tags":[],"class_list":["post-142039","post","type-post","status-publish","format-standard","has-post-thumbnail","hentry","category-cidades","category-destaque","category-o-site"],"_links":{"self":[{"href":"https:\/\/www.caririemacao.com\/1\/wp-json\/wp\/v2\/posts\/142039","targetHints":{"allow":["GET"]}}],"collection":[{"href":"https:\/\/www.caririemacao.com\/1\/wp-json\/wp\/v2\/posts"}],"about":[{"href":"https:\/\/www.caririemacao.com\/1\/wp-json\/wp\/v2\/types\/post"}],"author":[{"embeddable":true,"href":"https:\/\/www.caririemacao.com\/1\/wp-json\/wp\/v2\/users\/2"}],"replies":[{"embeddable":true,"href":"https:\/\/www.caririemacao.com\/1\/wp-json\/wp\/v2\/comments?post=142039"}],"version-history":[{"count":2,"href":"https:\/\/www.caririemacao.com\/1\/wp-json\/wp\/v2\/posts\/142039\/revisions"}],"predecessor-version":[{"id":142047,"href":"https:\/\/www.caririemacao.com\/1\/wp-json\/wp\/v2\/posts\/142039\/revisions\/142047"}],"wp:featuredmedia":[{"embeddable":true,"href":"https:\/\/www.caririemacao.com\/1\/wp-json\/wp\/v2\/media\/142042"}],"wp:attachment":[{"href":"https:\/\/www.caririemacao.com\/1\/wp-json\/wp\/v2\/media?parent=142039"}],"wp:term":[{"taxonomy":"category","embeddable":true,"href":"https:\/\/www.caririemacao.com\/1\/wp-json\/wp\/v2\/categories?post=142039"},{"taxonomy":"post_tag","embeddable":true,"href":"https:\/\/www.caririemacao.com\/1\/wp-json\/wp\/v2\/tags?post=142039"}],"curies":[{"name":"wp","href":"https:\/\/api.w.org\/{rel}","templated":true}]}}