{"id":142041,"date":"2019-12-21T07:10:19","date_gmt":"2019-12-21T10:10:19","guid":{"rendered":"http:\/\/www.caririemacao.com\/1\/?p=142041"},"modified":"2019-12-21T07:10:19","modified_gmt":"2019-12-21T10:10:19","slug":"cantata-natalina-foi-realizada-em-amparo-na-noite-desta-sexta-feira","status":"publish","type":"post","link":"https:\/\/www.caririemacao.com\/1\/2019\/12\/21\/cantata-natalina-foi-realizada-em-amparo-na-noite-desta-sexta-feira\/","title":{"rendered":"Cantata Natalina foi realizada em Amparo na noite desta sexta-feira"},"content":{"rendered":"\n<p>Em uma cheia de emo\u00e7\u00f5es, a 3\u00aa Edi\u00e7\u00e3o da Cantata Natalina promovida pela Prefeitura de Amparo, atrav\u00e9s da Secretaria Municipal de Assist\u00eancia e do Servi\u00e7o de Conviv\u00eancia e Fortalecimento de V\u00ednculos atraiu centenas de amparenses na noite dessa sexta-feira (20) para ver o espet\u00e1culo aguardado durante todo o ano.<\/p>\n\n\n\n<figure class=\"wp-block-image\"><img fetchpriority=\"high\" decoding=\"async\" width=\"1024\" height=\"678\" src=\"http:\/\/www.caririemacao.com\/1\/wp-content\/uploads\/2019\/12\/DSC_0368-1024x678.jpg\" alt=\"\" class=\"wp-image-142049\" srcset=\"https:\/\/www.caririemacao.com\/1\/wp-content\/uploads\/2019\/12\/DSC_0368-1024x678.jpg 1024w, https:\/\/www.caririemacao.com\/1\/wp-content\/uploads\/2019\/12\/DSC_0368-300x199.jpg 300w, https:\/\/www.caririemacao.com\/1\/wp-content\/uploads\/2019\/12\/DSC_0368-768x509.jpg 768w, https:\/\/www.caririemacao.com\/1\/wp-content\/uploads\/2019\/12\/DSC_0368.jpg 1600w\" sizes=\"(max-width: 1024px) 100vw, 1024px\" \/><\/figure>\n\n\n\n<p>A programa\u00e7\u00e3o foi iniciada por volta das 19h em frente \u00e0 Igreja de S\u00e3o Sebasti\u00e3o. <\/p>\n\n\n\n<figure class=\"wp-block-image\"><img decoding=\"async\" width=\"1024\" height=\"678\" data-src=\"http:\/\/www.caririemacao.com\/1\/wp-content\/uploads\/2019\/12\/DSC_0203-1024x678.jpg\" alt=\"\" class=\"wp-image-142050 lazyload\" data-srcset=\"https:\/\/www.caririemacao.com\/1\/wp-content\/uploads\/2019\/12\/DSC_0203-1024x678.jpg 1024w, https:\/\/www.caririemacao.com\/1\/wp-content\/uploads\/2019\/12\/DSC_0203-300x199.jpg 300w, https:\/\/www.caririemacao.com\/1\/wp-content\/uploads\/2019\/12\/DSC_0203-768x509.jpg 768w, https:\/\/www.caririemacao.com\/1\/wp-content\/uploads\/2019\/12\/DSC_0203.jpg 1600w\" data-sizes=\"(max-width: 1024px) 100vw, 1024px\" src=\"data:image\/svg+xml;base64,PHN2ZyB3aWR0aD0iMSIgaGVpZ2h0PSIxIiB4bWxucz0iaHR0cDovL3d3dy53My5vcmcvMjAwMC9zdmciPjwvc3ZnPg==\" style=\"--smush-placeholder-width: 1024px; --smush-placeholder-aspect-ratio: 1024\/678;\" \/><\/figure>\n\n\n\n<p>O evento j\u00e1 se tornou uma marca da gest\u00e3o do prefeito In\u00e1cio N\u00f3brega e era aguardado com muita ansiedade pela popula\u00e7\u00e3o amparense, tendo em vista as belas apresenta\u00e7\u00f5es na \u00e1rea musical e da dan\u00e7a. <\/p>\n\n\n\n<figure class=\"wp-block-image\"><img decoding=\"async\" width=\"1024\" height=\"678\" data-src=\"http:\/\/www.caririemacao.com\/1\/wp-content\/uploads\/2019\/12\/DSC_0175-1024x678.jpg\" alt=\"\" class=\"wp-image-142051 lazyload\" data-srcset=\"https:\/\/www.caririemacao.com\/1\/wp-content\/uploads\/2019\/12\/DSC_0175-1024x678.jpg 1024w, https:\/\/www.caririemacao.com\/1\/wp-content\/uploads\/2019\/12\/DSC_0175-300x199.jpg 300w, https:\/\/www.caririemacao.com\/1\/wp-content\/uploads\/2019\/12\/DSC_0175-768x509.jpg 768w, https:\/\/www.caririemacao.com\/1\/wp-content\/uploads\/2019\/12\/DSC_0175.jpg 1600w\" data-sizes=\"(max-width: 1024px) 100vw, 1024px\" src=\"data:image\/svg+xml;base64,PHN2ZyB3aWR0aD0iMSIgaGVpZ2h0PSIxIiB4bWxucz0iaHR0cDovL3d3dy53My5vcmcvMjAwMC9zdmciPjwvc3ZnPg==\" style=\"--smush-placeholder-width: 1024px; --smush-placeholder-aspect-ratio: 1024\/678;\" \/><\/figure>\n\n\n\n<p>O prefeito In\u00e1cio esteve presente e abra\u00e7ou todos dizendo que se sentia feliz e realizado ao propiciar um momento m\u00e1gico na vida de todos os amparenses que acompanharam de perto este espet\u00e1culo feito com carinho e muita organiza\u00e7\u00e3o. <\/p>\n\n\n\n<p><a href=\"https:\/\/www.facebook.com\/pg\/CaririEmAcao\/photos\/?tab=album&amp;album_id=1751169001685782\">VEJA TODAS AS FOTOS. CLIQUE AQUI<\/a><\/p>\n","protected":false},"excerpt":{"rendered":"<p>Em uma cheia de emo\u00e7\u00f5es, a 3\u00aa Edi\u00e7\u00e3o da Cantata Natalina promovida pela Prefeitura de Amparo, atrav\u00e9s da Secretaria Municipal de Assist\u00eancia e do Servi\u00e7o&hellip; <\/p>\n","protected":false},"author":2,"featured_media":142048,"comment_status":"closed","ping_status":"closed","sticky":false,"template":"","format":"standard","meta":{"sfsi_plus_gutenberg_text_before_share":"","sfsi_plus_gutenberg_show_text_before_share":"","sfsi_plus_gutenberg_icon_type":"","sfsi_plus_gutenberg_icon_alignemt":"","sfsi_plus_gutenburg_max_per_row":"","footnotes":""},"categories":[50,2],"tags":[],"class_list":["post-142041","post","type-post","status-publish","format-standard","has-post-thumbnail","hentry","category-destaque","category-geral"],"_links":{"self":[{"href":"https:\/\/www.caririemacao.com\/1\/wp-json\/wp\/v2\/posts\/142041","targetHints":{"allow":["GET"]}}],"collection":[{"href":"https:\/\/www.caririemacao.com\/1\/wp-json\/wp\/v2\/posts"}],"about":[{"href":"https:\/\/www.caririemacao.com\/1\/wp-json\/wp\/v2\/types\/post"}],"author":[{"embeddable":true,"href":"https:\/\/www.caririemacao.com\/1\/wp-json\/wp\/v2\/users\/2"}],"replies":[{"embeddable":true,"href":"https:\/\/www.caririemacao.com\/1\/wp-json\/wp\/v2\/comments?post=142041"}],"version-history":[{"count":1,"href":"https:\/\/www.caririemacao.com\/1\/wp-json\/wp\/v2\/posts\/142041\/revisions"}],"predecessor-version":[{"id":142052,"href":"https:\/\/www.caririemacao.com\/1\/wp-json\/wp\/v2\/posts\/142041\/revisions\/142052"}],"wp:featuredmedia":[{"embeddable":true,"href":"https:\/\/www.caririemacao.com\/1\/wp-json\/wp\/v2\/media\/142048"}],"wp:attachment":[{"href":"https:\/\/www.caririemacao.com\/1\/wp-json\/wp\/v2\/media?parent=142041"}],"wp:term":[{"taxonomy":"category","embeddable":true,"href":"https:\/\/www.caririemacao.com\/1\/wp-json\/wp\/v2\/categories?post=142041"},{"taxonomy":"post_tag","embeddable":true,"href":"https:\/\/www.caririemacao.com\/1\/wp-json\/wp\/v2\/tags?post=142041"}],"curies":[{"name":"wp","href":"https:\/\/api.w.org\/{rel}","templated":true}]}}