{"id":142062,"date":"2019-12-21T07:43:09","date_gmt":"2019-12-21T10:43:09","guid":{"rendered":"http:\/\/www.caririemacao.com\/1\/?p=142062"},"modified":"2019-12-21T07:43:09","modified_gmt":"2019-12-21T10:43:09","slug":"presidente-devera-conceder-indulto-a-policiais-condenados-por-crimes-culposos","status":"publish","type":"post","link":"https:\/\/www.caririemacao.com\/1\/2019\/12\/21\/presidente-devera-conceder-indulto-a-policiais-condenados-por-crimes-culposos\/","title":{"rendered":"Presidente dever\u00e1 conceder indulto a policiais condenados por crimes culposos"},"content":{"rendered":"\n<p>O governo do presidente Jair Bolsonaro (sem partido) prepara um indulto natalino que inclua o perd\u00e3o a agentes de seguran\u00e7a condenados por crimes culposos e que j\u00e1 tenham cumprido parcela da pena.<\/p>\n\n\n\n<p>O texto est\u00e1 sendo discutido entre o Minist\u00e9rio da Seguran\u00e7a P\u00fablica e a Secretaria-Geral e deve ser conclu\u00eddo na pr\u00f3xima segunda-feira (23). Neste ano, o texto deve beneficiar quem atende requisitos como bom comportamento e&nbsp;doen\u00e7as graves, al\u00e9m de policiais militares condenados.<\/p>\n\n\n\n<p>O indulto \u00e9 um benef\u00edcio editado pelo presidente que extingue a pena de condenados. No Brasil, se tornou tradi\u00e7\u00e3o a publica\u00e7\u00e3o na \u00e9poca natalina. No ano passado, antes de assumir o cargo, Bolsonaro chegou a dizer que n\u00e3o editaria nenhum indulto, mas recuou.<\/p>\n\n\n\n<p>\u201cN\u00f3s vamos ter cap\u00edtulo especial para policiais militares.&nbsp;Tem policial condenado por excesso. O excesso, acima de dois tiros, o juiz pode agravar a sua pena. Imagina uma tens\u00e3o \u00e0 noite. Um traficante morre por mais de dois tiros. Um juiz pode condenar\u201d, disse o presidente.<\/p>\n\n\n\n<p>Nesta sexta-feira (20), na porta do Pal\u00e1cio do Alvorada, Bolsonaro defendeu ainda que o indulto deste ano adote os mesmos crit\u00e9rios de proposta apresentada por ele que garante o excludente de ilicitude a agentes de seguran\u00e7a&nbsp;durante opera\u00e7\u00f5es de GLO (Garantia da Lei e da Ordem).<\/p>\n\n\n\n<figure class=\"wp-block-image\"><img decoding=\"async\" data-src=\"https:\/\/paraibaonline.com.br\/wp-content\/uploads\/2019\/12\/BOLSONARO-2-567x378.jpg\" alt=\"Foto: Antonio Cruz\/ Ag\u00eancia Brasil\" class=\"wp-image-826423 lazyload\" src=\"data:image\/svg+xml;base64,PHN2ZyB3aWR0aD0iMSIgaGVpZ2h0PSIxIiB4bWxucz0iaHR0cDovL3d3dy53My5vcmcvMjAwMC9zdmciPjwvc3ZnPg==\" style=\"--smush-placeholder-width: 567px; --smush-placeholder-aspect-ratio: 567\/378;\" \/><\/figure>\n\n\n\n<p>Foto: Antonio Cruz\/ Ag\u00eancia Brasil<\/p>\n\n\n\n<p>O excludente de ilicitude \u00e9 um dispositivo que&nbsp;abranda penas para agentes que cometerem excessos \u201csob escus\u00e1vel medo, surpresa ou violenta emo\u00e7\u00e3o\u201d. A previs\u00e3o, que tamb\u00e9m faz parte do pacote anticrime&nbsp;do Minist\u00e9rio da Justi\u00e7a, enfrenta resist\u00eancia no Congresso.<\/p>\n\n\n\n<p>\u201cO que eu determinei para a SAJ&nbsp;[Subchefia de Assuntos Jur\u00eddicos]: no que for poss\u00edvel enquadrar do projeto no decreto de indulto, enquadre\u201d, disse. \u201cN\u00e3o quero ser contestado no STF [Supremo Tribunal Federal]. N\u00e3o adianta&nbsp;decreto bonito que depois fica no Supremo\u201d, acrescentou.<\/p>\n\n\n\n<p>Em 2017, indulto natalino assinado pelo ent\u00e3o presidente Michel Temer foi suspenso no STF. A medida perdoava&nbsp;condenados por corrup\u00e7\u00e3o e lavagem de dinheiro que tinham, at\u00e9 aquela data, cumprido um quinto da pena.&nbsp;S\u00f3 em maio do ano seguinte o STF julgou a iniciativa constitucional.<\/p>\n\n\n\n<p>Al\u00e9m do indulto geral, o presidente estuda editar neste ano dispositivo da&nbsp;gra\u00e7a, uma esp\u00e9cie de indulto individual, a policiais condenados. Ele tamb\u00e9m&nbsp;\u00e9 de compet\u00eancia do presidente e n\u00e3o pode ser concedido&nbsp;a condenados por crimes hediondos.<\/p>\n\n\n\n<p>Segundo a Lei de Execu\u00e7\u00e3o Penal, a gra\u00e7a pode ser pedida&nbsp;pelo preso, pelo Minist\u00e9rio P\u00fablico, por conselho penitenci\u00e1rio&nbsp;ou pela autoridade administrativa. Para especialistas, no entanto,&nbsp;a concess\u00e3o do indulto individual pode ser contestada no STF, j\u00e1 que h\u00e1&nbsp;falta de regulamenta\u00e7\u00e3o do benef\u00edcio.<\/p>\n","protected":false},"excerpt":{"rendered":"<p>O governo do presidente Jair Bolsonaro (sem partido) prepara um indulto natalino que inclua o perd\u00e3o a agentes de seguran\u00e7a condenados por crimes culposos e&hellip; <\/p>\n","protected":false},"author":1,"featured_media":139057,"comment_status":"closed","ping_status":"closed","sticky":false,"template":"","format":"standard","meta":{"sfsi_plus_gutenberg_text_before_share":"","sfsi_plus_gutenberg_show_text_before_share":"","sfsi_plus_gutenberg_icon_type":"","sfsi_plus_gutenberg_icon_alignemt":"","sfsi_plus_gutenburg_max_per_row":"","footnotes":""},"categories":[12],"tags":[],"class_list":["post-142062","post","type-post","status-publish","format-standard","has-post-thumbnail","hentry","category-policia"],"_links":{"self":[{"href":"https:\/\/www.caririemacao.com\/1\/wp-json\/wp\/v2\/posts\/142062","targetHints":{"allow":["GET"]}}],"collection":[{"href":"https:\/\/www.caririemacao.com\/1\/wp-json\/wp\/v2\/posts"}],"about":[{"href":"https:\/\/www.caririemacao.com\/1\/wp-json\/wp\/v2\/types\/post"}],"author":[{"embeddable":true,"href":"https:\/\/www.caririemacao.com\/1\/wp-json\/wp\/v2\/users\/1"}],"replies":[{"embeddable":true,"href":"https:\/\/www.caririemacao.com\/1\/wp-json\/wp\/v2\/comments?post=142062"}],"version-history":[{"count":1,"href":"https:\/\/www.caririemacao.com\/1\/wp-json\/wp\/v2\/posts\/142062\/revisions"}],"predecessor-version":[{"id":142063,"href":"https:\/\/www.caririemacao.com\/1\/wp-json\/wp\/v2\/posts\/142062\/revisions\/142063"}],"wp:featuredmedia":[{"embeddable":true,"href":"https:\/\/www.caririemacao.com\/1\/wp-json\/wp\/v2\/media\/139057"}],"wp:attachment":[{"href":"https:\/\/www.caririemacao.com\/1\/wp-json\/wp\/v2\/media?parent=142062"}],"wp:term":[{"taxonomy":"category","embeddable":true,"href":"https:\/\/www.caririemacao.com\/1\/wp-json\/wp\/v2\/categories?post=142062"},{"taxonomy":"post_tag","embeddable":true,"href":"https:\/\/www.caririemacao.com\/1\/wp-json\/wp\/v2\/tags?post=142062"}],"curies":[{"name":"wp","href":"https:\/\/api.w.org\/{rel}","templated":true}]}}