{"id":142074,"date":"2019-12-21T07:47:53","date_gmt":"2019-12-21T10:47:53","guid":{"rendered":"http:\/\/www.caririemacao.com\/1\/?p=142074"},"modified":"2019-12-21T07:47:53","modified_gmt":"2019-12-21T10:47:53","slug":"veja-como-esta-a-avaliacao-do-governo-bolsonaro-na-virada-do-ano","status":"publish","type":"post","link":"https:\/\/www.caririemacao.com\/1\/2019\/12\/21\/veja-como-esta-a-avaliacao-do-governo-bolsonaro-na-virada-do-ano\/","title":{"rendered":"Veja como est\u00e1 a avalia\u00e7\u00e3o do Governo Bolsonaro na virada do ano"},"content":{"rendered":"\n<p>&nbsp;A aprova\u00e7\u00e3o do governo de Jair Bolsonaro (sem partido) \u00e9 de 29%, segundo pesquisa Ibope divulgada nesta sexta-feira (20).<\/p>\n\n\n\n<p>Este \u00e9 o percentual de entrevistados que consideram o governo como \u00f3timo\/bom, mantendo a avalia\u00e7\u00e3o est\u00e1vel e na margem de erro, oscilando dois pontos percentuais para baixo em rela\u00e7\u00e3o \u00e0 pesquisa anterior, realizada em setembro.<\/p>\n\n\n\n<p>J\u00e1 38% o veem como ruim\/p\u00e9ssimo, oscilando no limite da margem de erro, pois na pesquisa anterior o \u00edndice era de 34%. O governo \u00e9 avaliado como regular por 31%.<\/p>\n\n\n\n<p>A nova pesquisa foi realizada entre os dias 5 e 8 de dezembro, ouviu 2.000 pessoas em 127 munic\u00edpios e foi encomendada pela CNI (Confedera\u00e7\u00e3o Nacional da Ind\u00fastria). A margem de erro \u00e9 de dois pontos percentuais para mais ou para menos.<\/p>\n\n\n\n<p>O \u00faltimo levantamento feito pelo instituto, divulgado em setembro, apontava que 31% dos brasileiros avaliavam o governo como \u00f3timo\/bom.<\/p>\n\n\n\n<p>Em rela\u00e7\u00e3o ao percentual que via o governo como ruim\/p\u00e9ssimo, houve oscila\u00e7\u00e3o de quatro pontos percentuais para cima, passando de 34% para 38%. J\u00e1 o percentual de brasileiros que avaliam o governo como regular passou de 32% para 31%.<\/p>\n\n\n\n<p>A curva do \u00edndice de reprova\u00e7\u00e3o \u00e9 diferente da apontada pelo Datafolha. A pesquisa realizada nos dias 5 e 6 deste m\u00eas indicou que 36% avaliam o governo como ruim\/p\u00e9ssimo \u2013em agosto eram 38%. Consideram \u00f3timo\/bom 30%, ante 29% em agosto. O \u00edndice de regular oscilou de 30% para 32%.<\/p>\n\n\n\n<p>APROVA\u00c7\u00c3O POR \u00c1REA<\/p>\n\n\n\n<p>A parcela da popula\u00e7\u00e3o que desaprova a maneira de governar do presidente \u00e9 de 53%.<\/p>\n\n\n\n<p>Nos quesitos por \u00e1rea de atua\u00e7\u00e3o do governo, o \u00fanico item que obteve aprova\u00e7\u00e3o superior numericamente foi a seguran\u00e7a p\u00fablica, com 50% de aprova\u00e7\u00e3o e 47% de desaprova\u00e7\u00e3o. Por\u00e9m a situa\u00e7\u00e3o \u00e9 de empate t\u00e9cnico, em virtude da margem de erro de dois pontos percentuais.<\/p>\n\n\n\n<p>Nas \u00e1reas econ\u00f4micas, o governo teve desaprova\u00e7\u00e3o numericamente maior que a aprova\u00e7\u00e3o em todos os quesitos:<\/p>\n\n\n\n<p>taxa de juros: 62% de desaprova\u00e7\u00e3o e 31% de aprova\u00e7\u00e3o;<\/p>\n\n\n\n<p>combate ao desemprego: 56% de desaprova\u00e7\u00e3o e 41% de aprova\u00e7\u00e3o;<\/p>\n\n\n\n<p>combate \u00e0 infla\u00e7\u00e3o: 55% de desaprova\u00e7\u00e3o e 40% de aprova\u00e7\u00e3o;<\/p>\n\n\n\n<p>combate \u00e0 fome e \u00e0 pobreza: 55% de desaprova\u00e7\u00e3o e 40% de aprova\u00e7\u00e3o;<br>impostos: 64% de desaprova\u00e7\u00e3o e 30% de aprova\u00e7\u00e3o.<\/p>\n\n\n\n<p>As outras \u00e1reas foram meio ambiente (54% de desaprova\u00e7\u00e3o e 40% de aprova\u00e7\u00e3o), sa\u00fade (60% de desaprova\u00e7\u00e3o e 36% de aprova\u00e7\u00e3o) e educa\u00e7\u00e3o (51% de desaprova\u00e7\u00e3o e 45% de aprova\u00e7\u00e3o).<\/p>\n\n\n\n<p>No entanto, 40% dos entrevistados avaliaram o governo como melhor que o de Michel Temer; 36% o consideraram igual e 20% afirmaram ser pior.<\/p>\n","protected":false},"excerpt":{"rendered":"<p>&nbsp;A aprova\u00e7\u00e3o do governo de Jair Bolsonaro (sem partido) \u00e9 de 29%, segundo pesquisa Ibope divulgada nesta sexta-feira (20). Este \u00e9 o percentual de entrevistados&hellip; <\/p>\n","protected":false},"author":1,"featured_media":137299,"comment_status":"closed","ping_status":"closed","sticky":false,"template":"","format":"standard","meta":{"sfsi_plus_gutenberg_text_before_share":"","sfsi_plus_gutenberg_show_text_before_share":"","sfsi_plus_gutenberg_icon_type":"","sfsi_plus_gutenberg_icon_alignemt":"","sfsi_plus_gutenburg_max_per_row":"","footnotes":""},"categories":[11],"tags":[],"class_list":["post-142074","post","type-post","status-publish","format-standard","has-post-thumbnail","hentry","category-politica"],"_links":{"self":[{"href":"https:\/\/www.caririemacao.com\/1\/wp-json\/wp\/v2\/posts\/142074","targetHints":{"allow":["GET"]}}],"collection":[{"href":"https:\/\/www.caririemacao.com\/1\/wp-json\/wp\/v2\/posts"}],"about":[{"href":"https:\/\/www.caririemacao.com\/1\/wp-json\/wp\/v2\/types\/post"}],"author":[{"embeddable":true,"href":"https:\/\/www.caririemacao.com\/1\/wp-json\/wp\/v2\/users\/1"}],"replies":[{"embeddable":true,"href":"https:\/\/www.caririemacao.com\/1\/wp-json\/wp\/v2\/comments?post=142074"}],"version-history":[{"count":1,"href":"https:\/\/www.caririemacao.com\/1\/wp-json\/wp\/v2\/posts\/142074\/revisions"}],"predecessor-version":[{"id":142075,"href":"https:\/\/www.caririemacao.com\/1\/wp-json\/wp\/v2\/posts\/142074\/revisions\/142075"}],"wp:featuredmedia":[{"embeddable":true,"href":"https:\/\/www.caririemacao.com\/1\/wp-json\/wp\/v2\/media\/137299"}],"wp:attachment":[{"href":"https:\/\/www.caririemacao.com\/1\/wp-json\/wp\/v2\/media?parent=142074"}],"wp:term":[{"taxonomy":"category","embeddable":true,"href":"https:\/\/www.caririemacao.com\/1\/wp-json\/wp\/v2\/categories?post=142074"},{"taxonomy":"post_tag","embeddable":true,"href":"https:\/\/www.caririemacao.com\/1\/wp-json\/wp\/v2\/tags?post=142074"}],"curies":[{"name":"wp","href":"https:\/\/api.w.org\/{rel}","templated":true}]}}