{"id":142087,"date":"2019-12-21T07:53:13","date_gmt":"2019-12-21T10:53:13","guid":{"rendered":"http:\/\/www.caririemacao.com\/1\/?p=142087"},"modified":"2019-12-21T07:53:13","modified_gmt":"2019-12-21T10:53:13","slug":"saude-estadual-divulga-boletim-sobre-casos-de-sarampo","status":"publish","type":"post","link":"https:\/\/www.caririemacao.com\/1\/2019\/12\/21\/saude-estadual-divulga-boletim-sobre-casos-de-sarampo\/","title":{"rendered":"Sa\u00fade Estadual divulga boletim sobre casos de sarampo"},"content":{"rendered":"\n<p> O boletim epidemiol\u00f3gico n\u00ba 06, divulgado pela Secretaria de Estado da Sa\u00fade (SES), por meio da Ger\u00eancia Executiva de Vigil\u00e2ncia em Sa\u00fade, na Para\u00edba, aponta que at\u00e9 a 50\u00aa Semana Epidemiol\u00f3gica, encerrada no dia 14 de dezembro, foram notificados 331 casos suspeitos de sarampo, em 81 dos 223 munic\u00edpios.<\/p>\n\n\n\n<p>Do total de notifica\u00e7\u00f5es, 52 casos (15,7%) foram confirmados, sendo 183 descartados ( 55,3%) e 96 em investiga\u00e7\u00e3o (29%). Dos 81 munic\u00edpios com notifica\u00e7\u00e3o de casos suspeitos, 17 apresentaram confirma\u00e7\u00e3o de casos.<\/p>\n\n\n\n<p>De acordo com o boletim, dos casos confirmados, 18 s\u00e3o em crian\u00e7as menores de cinco anos e 11 em adultos jovens de 20 a 29 anos, que respondem por 55,8% do total de casos confirmados levando em considera\u00e7\u00e3o a faixa et\u00e1ria.<\/p>\n\n\n\n<figure class=\"wp-block-image\"><img decoding=\"async\" data-src=\"https:\/\/paraibaonline.com.br\/wp-content\/uploads\/2019\/01\/vacina-sarampo1001B.jpg\" alt=\"Marcelo Camargo\/Ag\u00eancia Brasil\" class=\"wp-image-557930 lazyload\" src=\"data:image\/svg+xml;base64,PHN2ZyB3aWR0aD0iMSIgaGVpZ2h0PSIxIiB4bWxucz0iaHR0cDovL3d3dy53My5vcmcvMjAwMC9zdmciPjwvc3ZnPg==\" \/><\/figure>\n\n\n\n<p>Foto: Marcelo Camargo\/Ag\u00eancia Brasil<\/p>\n\n\n\n<p>No que diz respeito \u00e0 vacina tr\u00edplice viral \u2013 protege contra o sarampo, caxumba e rub\u00e9ola \u2013 quando os dados s\u00e3o observados por munic\u00edpio, percebe-se que, dos 223 munic\u00edpios paraibanos, apenas 157 (70,4%) apresentam cobertura vacinal igual ou maior que 95%, at\u00e9 o m\u00eas de novembro. No entanto, a cobertura do Estado at\u00e9 outubro estava em 104,16%.<\/p>\n\n\n\n<p>\u201cAs recomenda\u00e7\u00f5es permanecem na manuten\u00e7\u00e3o de uma Vigil\u00e2ncia Epidemiol\u00f3gica do sarampo nos munic\u00edpios com equipes de investiga\u00e7\u00e3o de campo para garantir a oportunidade adequada dos bloqueios e condu\u00e7\u00e3o dos casos notificados, com oferta da vacina na rotina; busca das crian\u00e7as menores de cinco anos para avalia\u00e7\u00e3o da caderneta e adultos jovens que tiverem viagens para munic\u00edpios com surtos ativos, devem viajar com a caderneta em dia\u201d, alertou a gerente de Vigil\u00e2ncia em Sa\u00fade da SES, Talita Tavares.<\/p>\n","protected":false},"excerpt":{"rendered":"<p>O boletim epidemiol\u00f3gico n\u00ba 06, divulgado pela Secretaria de Estado da Sa\u00fade (SES), por meio da Ger\u00eancia Executiva de Vigil\u00e2ncia em Sa\u00fade, na Para\u00edba, aponta&hellip; <\/p>\n","protected":false},"author":1,"featured_media":113771,"comment_status":"closed","ping_status":"closed","sticky":false,"template":"","format":"standard","meta":{"sfsi_plus_gutenberg_text_before_share":"","sfsi_plus_gutenberg_show_text_before_share":"","sfsi_plus_gutenberg_icon_type":"","sfsi_plus_gutenberg_icon_alignemt":"","sfsi_plus_gutenburg_max_per_row":"","footnotes":""},"categories":[16],"tags":[],"class_list":["post-142087","post","type-post","status-publish","format-standard","has-post-thumbnail","hentry","category-saude"],"_links":{"self":[{"href":"https:\/\/www.caririemacao.com\/1\/wp-json\/wp\/v2\/posts\/142087","targetHints":{"allow":["GET"]}}],"collection":[{"href":"https:\/\/www.caririemacao.com\/1\/wp-json\/wp\/v2\/posts"}],"about":[{"href":"https:\/\/www.caririemacao.com\/1\/wp-json\/wp\/v2\/types\/post"}],"author":[{"embeddable":true,"href":"https:\/\/www.caririemacao.com\/1\/wp-json\/wp\/v2\/users\/1"}],"replies":[{"embeddable":true,"href":"https:\/\/www.caririemacao.com\/1\/wp-json\/wp\/v2\/comments?post=142087"}],"version-history":[{"count":1,"href":"https:\/\/www.caririemacao.com\/1\/wp-json\/wp\/v2\/posts\/142087\/revisions"}],"predecessor-version":[{"id":142088,"href":"https:\/\/www.caririemacao.com\/1\/wp-json\/wp\/v2\/posts\/142087\/revisions\/142088"}],"wp:featuredmedia":[{"embeddable":true,"href":"https:\/\/www.caririemacao.com\/1\/wp-json\/wp\/v2\/media\/113771"}],"wp:attachment":[{"href":"https:\/\/www.caririemacao.com\/1\/wp-json\/wp\/v2\/media?parent=142087"}],"wp:term":[{"taxonomy":"category","embeddable":true,"href":"https:\/\/www.caririemacao.com\/1\/wp-json\/wp\/v2\/categories?post=142087"},{"taxonomy":"post_tag","embeddable":true,"href":"https:\/\/www.caririemacao.com\/1\/wp-json\/wp\/v2\/tags?post=142087"}],"curies":[{"name":"wp","href":"https:\/\/api.w.org\/{rel}","templated":true}]}}