{"id":142092,"date":"2019-12-21T07:55:01","date_gmt":"2019-12-21T10:55:01","guid":{"rendered":"http:\/\/www.caririemacao.com\/1\/?p=142092"},"modified":"2019-12-21T07:55:01","modified_gmt":"2019-12-21T10:55:01","slug":"apos-suspeicao-do-presidente-do-stj-habeas-corpus-de-ricardo-coutinho-e-distribuido-para-napoleao-nunes-maia","status":"publish","type":"post","link":"https:\/\/www.caririemacao.com\/1\/2019\/12\/21\/apos-suspeicao-do-presidente-do-stj-habeas-corpus-de-ricardo-coutinho-e-distribuido-para-napoleao-nunes-maia\/","title":{"rendered":"Ap\u00f3s suspei\u00e7\u00e3o do presidente do STJ, habeas corpus de Ricardo Coutinho \u00e9 distribu\u00eddo para Napole\u00e3o Nunes Maia"},"content":{"rendered":"\n<p> O pedido de habeas corpus, no Superior Tribunal de Justi\u00e7a, do ex-governador Ricardo Coutinho, foi distribu\u00eddo para o ministro Napole\u00e3o Nunes Maia Filho.\u00a0A decis\u00e3o foi divulgada no sistema de consulta processual do STJ, \u00e0s 20h36 desta sexta-feira (20).<\/p>\n\n\n\n<p>Mais cedo nesta sexta-feira (20), foi divulgado no sistema de consulta processual do STJ que o pedido de habeas corpus impetrado pela defesa do ex-governador teve alega\u00e7\u00e3o de suspei\u00e7\u00e3o ou impedimento para julgar, pelo presidente do STJ, ministro Jo\u00e3o Ot\u00e1vio de Noronha. \u2014&nbsp;<a href=\"https:\/\/www.clickpb.com.br\/politica\/presidente-do-stj-alega-suspeicao-ou-impedimento-para-julgar-habeas-corpus-de-ricardo-coutinho-274486.html\">leia mais<\/a>.<br><\/p>\n\n\n\n<p>Confira abaixo:&nbsp;<\/p>\n\n\n\n<figure class=\"wp-block-image\"><img decoding=\"async\" data-src=\"https:\/\/www.clickpb.com.br\/media\/filer_public\/80\/ff\/80ffcc1d-b6a3-4b63-817e-43d7d9c581bd\/whatsapp_image_2019-12-20_at_205300.jpeg\" alt=\"\" src=\"data:image\/svg+xml;base64,PHN2ZyB3aWR0aD0iMSIgaGVpZ2h0PSIxIiB4bWxucz0iaHR0cDovL3d3dy53My5vcmcvMjAwMC9zdmciPjwvc3ZnPg==\" class=\"lazyload\" \/><\/figure>\n\n\n\n<p><strong>LEIA MAIS<\/strong>:&nbsp;<a href=\"https:\/\/www.clickpb.com.br\/politica\/desembargador-da-operacao-calvario-mantem-prisoes-preventivas-de-investigados-definidas-em-audiencia-de-custodia-274482.html\">Desembargador da Opera\u00e7\u00e3o Calv\u00e1rio mant\u00e9m pris\u00f5es preventivas de investigados que foram definidas em audi\u00eancia de cust\u00f3dia<\/a><br><\/p>\n\n\n\n<p><strong>Relembre o caso<\/strong><br><\/p>\n\n\n\n<p>Ricardo Coutinho foi preso em Natal, no Rio Grande do Norte, no fim da noite dessa quinta-feira (19). Ele foi levado \u00e0 sede da Pol\u00edcia Federal na madrugada desta sexta-feira (20) at\u00e9 passar por audi\u00eancia de cust\u00f3dia no Tribunal de Justi\u00e7a da Para\u00edba (TJPB), \u00e0s 10h da manh\u00e3.<\/p>\n\n\n\n<p>O juiz Adilson Fabr\u00edcio decidiu mant\u00ea-lo preso. O magistrado ordenou que o ex-governador fosse recolhido na ala especial da Penitenci\u00e1ria M\u00e9dia de Mangabeira.<\/p>\n\n\n\n<p>\u00c0s 12h35 desta sexta-feira (20), a defesa do ex-governador entrou com um pedido de habeas corpus no Superior Tribunal de Justi\u00e7a \u2014&nbsp;<a href=\"https:\/\/www.clickpb.com.br\/politica\/pedido-de-habeas-corpus-de-ricardo-coutinho-e-protocolado-junto-ao-stj-274463.html\">leia mais<\/a>.&nbsp;&nbsp;<\/p>\n\n\n\n<p>Conforme antecipado pelo ClickPB, a defesa argumentou que Ricardo n\u00e3o tem mais qualquer rela\u00e7\u00e3o com o Governo do Estado e citam inclusive, o desentendimento do ex-governador com o atual governador do Estado, Jo\u00e3o Azev\u00eado.<\/p>\n","protected":false},"excerpt":{"rendered":"<p>O pedido de habeas corpus, no Superior Tribunal de Justi\u00e7a, do ex-governador Ricardo Coutinho, foi distribu\u00eddo para o ministro Napole\u00e3o Nunes Maia Filho.\u00a0A decis\u00e3o foi&hellip; <\/p>\n","protected":false},"author":1,"featured_media":96867,"comment_status":"closed","ping_status":"closed","sticky":false,"template":"","format":"standard","meta":{"sfsi_plus_gutenberg_text_before_share":"","sfsi_plus_gutenberg_show_text_before_share":"","sfsi_plus_gutenberg_icon_type":"","sfsi_plus_gutenberg_icon_alignemt":"","sfsi_plus_gutenburg_max_per_row":"","footnotes":""},"categories":[2],"tags":[],"class_list":["post-142092","post","type-post","status-publish","format-standard","has-post-thumbnail","hentry","category-geral"],"_links":{"self":[{"href":"https:\/\/www.caririemacao.com\/1\/wp-json\/wp\/v2\/posts\/142092","targetHints":{"allow":["GET"]}}],"collection":[{"href":"https:\/\/www.caririemacao.com\/1\/wp-json\/wp\/v2\/posts"}],"about":[{"href":"https:\/\/www.caririemacao.com\/1\/wp-json\/wp\/v2\/types\/post"}],"author":[{"embeddable":true,"href":"https:\/\/www.caririemacao.com\/1\/wp-json\/wp\/v2\/users\/1"}],"replies":[{"embeddable":true,"href":"https:\/\/www.caririemacao.com\/1\/wp-json\/wp\/v2\/comments?post=142092"}],"version-history":[{"count":1,"href":"https:\/\/www.caririemacao.com\/1\/wp-json\/wp\/v2\/posts\/142092\/revisions"}],"predecessor-version":[{"id":142093,"href":"https:\/\/www.caririemacao.com\/1\/wp-json\/wp\/v2\/posts\/142092\/revisions\/142093"}],"wp:featuredmedia":[{"embeddable":true,"href":"https:\/\/www.caririemacao.com\/1\/wp-json\/wp\/v2\/media\/96867"}],"wp:attachment":[{"href":"https:\/\/www.caririemacao.com\/1\/wp-json\/wp\/v2\/media?parent=142092"}],"wp:term":[{"taxonomy":"category","embeddable":true,"href":"https:\/\/www.caririemacao.com\/1\/wp-json\/wp\/v2\/categories?post=142092"},{"taxonomy":"post_tag","embeddable":true,"href":"https:\/\/www.caririemacao.com\/1\/wp-json\/wp\/v2\/tags?post=142092"}],"curies":[{"name":"wp","href":"https:\/\/api.w.org\/{rel}","templated":true}]}}