{"id":142098,"date":"2019-12-21T07:58:43","date_gmt":"2019-12-21T10:58:43","guid":{"rendered":"http:\/\/www.caririemacao.com\/1\/?p=142098"},"modified":"2019-12-21T07:58:43","modified_gmt":"2019-12-21T10:58:43","slug":"policia-rodoviaria-federal-inicia-operacao-rodovida-nesta-sexta-feira-na-paraiba","status":"publish","type":"post","link":"https:\/\/www.caririemacao.com\/1\/2019\/12\/21\/policia-rodoviaria-federal-inicia-operacao-rodovida-nesta-sexta-feira-na-paraiba\/","title":{"rendered":"Pol\u00edcia Rodovi\u00e1ria Federal inicia Opera\u00e7\u00e3o Rodovida nesta sexta-feira na Para\u00edba"},"content":{"rendered":"\n<p> A Pol\u00edcia Rodovi\u00e1ria Federal (PRF) inicia, nesta sexta-feira (20), a Opera\u00e7\u00e3o Rodovida, que acontece em todo o pa\u00eds e se estende at\u00e9 o dia 1\u00ba de mar\u00e7o de 2020. Todas as a\u00e7\u00f5es realizadas neste ver\u00e3o, incluindo as atividades que ocorrer\u00e3o durante o Natal, Ano Novo e Carnaval far\u00e3o parte da opera\u00e7\u00e3o.<\/p>\n\n\n\n<p>A &#8220;Rodovida&#8221; \u00e9 uma opera\u00e7\u00e3o do Governo Federal, coordenada pelo Minist\u00e9rio da Justi\u00e7a e Seguran\u00e7a P\u00fablica, por meio da PRF, integrada com os Minist\u00e9rios da Infraestrutura, Sa\u00fade, Educa\u00e7\u00e3o, Mulher, Familia e Direitos Humanos e Transportes, articulados pela Casa Civil.<\/p>\n\n\n\n<p>Durante a opera\u00e7\u00e3o, as fiscaliza\u00e7\u00f5es ter\u00e3o foco nas ultrapassagens irregulares, uso do cinto de seguran\u00e7a, embriaguez, motocicletas e manuseio do celular ao volante.<\/p>\n\n\n\n<p>A Rodovida priorizar\u00e1 a\u00e7\u00f5es integradas com diversas ag\u00eancias de fiscaliza\u00e7\u00e3o Federais, Estaduais e Municipais, em atua\u00e7\u00e3o coordenada, visando somar esfor\u00e7os para diminuir a viol\u00eancia no tr\u00e2nsito.&nbsp;<\/p>\n\n\n\n<p>Na Para\u00edba, haver\u00e1 refor\u00e7o no efetivo e intensifica\u00e7\u00e3o das fiscaliza\u00e7\u00f5es em todas as Delegacias do Estado, al\u00e9m de abordagens educativas, especialmente nos feriados de final de ano e no carnaval.<\/p>\n\n\n\n<figure class=\"wp-block-image\"><img decoding=\"async\" data-src=\"https:\/\/www.clickpb.com.br\/media\/filer_public\/54\/e0\/54e0a647-eca4-4014-bb6d-b9d08150c475\/whatsapp_image_2019-12-20_at_150220.jpeg\" alt=\"\" src=\"data:image\/svg+xml;base64,PHN2ZyB3aWR0aD0iMSIgaGVpZ2h0PSIxIiB4bWxucz0iaHR0cDovL3d3dy53My5vcmcvMjAwMC9zdmciPjwvc3ZnPg==\" class=\"lazyload\" \/><\/figure>\n\n\n\n<figure class=\"wp-block-image\"><img decoding=\"async\" data-src=\"https:\/\/www.clickpb.com.br\/media\/filer_public\/e7\/40\/e7402a31-ebfd-407a-9244-316963fa7af2\/whatsapp_image_2019-12-20_at_150219_1.jpeg\" alt=\"\" src=\"data:image\/svg+xml;base64,PHN2ZyB3aWR0aD0iMSIgaGVpZ2h0PSIxIiB4bWxucz0iaHR0cDovL3d3dy53My5vcmcvMjAwMC9zdmciPjwvc3ZnPg==\" class=\"lazyload\" \/><\/figure>\n\n\n\n<figure class=\"wp-block-image\"><img decoding=\"async\" data-src=\"https:\/\/www.clickpb.com.br\/media\/filer_public\/e0\/ae\/e0ae5e81-9bb1-4205-badc-cafd40c29f87\/whatsapp_image_2019-12-20_at_150219.jpeg\" alt=\"\" src=\"data:image\/svg+xml;base64,PHN2ZyB3aWR0aD0iMSIgaGVpZ2h0PSIxIiB4bWxucz0iaHR0cDovL3d3dy53My5vcmcvMjAwMC9zdmciPjwvc3ZnPg==\" class=\"lazyload\" \/><\/figure>\n","protected":false},"excerpt":{"rendered":"<p>A Pol\u00edcia Rodovi\u00e1ria Federal (PRF) inicia, nesta sexta-feira (20), a Opera\u00e7\u00e3o Rodovida, que acontece em todo o pa\u00eds e se estende at\u00e9 o dia 1\u00ba&hellip; <\/p>\n","protected":false},"author":1,"featured_media":142099,"comment_status":"closed","ping_status":"closed","sticky":false,"template":"","format":"standard","meta":{"sfsi_plus_gutenberg_text_before_share":"","sfsi_plus_gutenberg_show_text_before_share":"","sfsi_plus_gutenberg_icon_type":"","sfsi_plus_gutenberg_icon_alignemt":"","sfsi_plus_gutenburg_max_per_row":"","footnotes":""},"categories":[12],"tags":[],"class_list":["post-142098","post","type-post","status-publish","format-standard","has-post-thumbnail","hentry","category-policia"],"_links":{"self":[{"href":"https:\/\/www.caririemacao.com\/1\/wp-json\/wp\/v2\/posts\/142098","targetHints":{"allow":["GET"]}}],"collection":[{"href":"https:\/\/www.caririemacao.com\/1\/wp-json\/wp\/v2\/posts"}],"about":[{"href":"https:\/\/www.caririemacao.com\/1\/wp-json\/wp\/v2\/types\/post"}],"author":[{"embeddable":true,"href":"https:\/\/www.caririemacao.com\/1\/wp-json\/wp\/v2\/users\/1"}],"replies":[{"embeddable":true,"href":"https:\/\/www.caririemacao.com\/1\/wp-json\/wp\/v2\/comments?post=142098"}],"version-history":[{"count":1,"href":"https:\/\/www.caririemacao.com\/1\/wp-json\/wp\/v2\/posts\/142098\/revisions"}],"predecessor-version":[{"id":142100,"href":"https:\/\/www.caririemacao.com\/1\/wp-json\/wp\/v2\/posts\/142098\/revisions\/142100"}],"wp:featuredmedia":[{"embeddable":true,"href":"https:\/\/www.caririemacao.com\/1\/wp-json\/wp\/v2\/media\/142099"}],"wp:attachment":[{"href":"https:\/\/www.caririemacao.com\/1\/wp-json\/wp\/v2\/media?parent=142098"}],"wp:term":[{"taxonomy":"category","embeddable":true,"href":"https:\/\/www.caririemacao.com\/1\/wp-json\/wp\/v2\/categories?post=142098"},{"taxonomy":"post_tag","embeddable":true,"href":"https:\/\/www.caririemacao.com\/1\/wp-json\/wp\/v2\/tags?post=142098"}],"curies":[{"name":"wp","href":"https:\/\/api.w.org\/{rel}","templated":true}]}}