{"id":142112,"date":"2019-12-21T08:04:41","date_gmt":"2019-12-21T11:04:41","guid":{"rendered":"http:\/\/www.caririemacao.com\/1\/?p=142112"},"modified":"2019-12-21T08:04:41","modified_gmt":"2019-12-21T11:04:41","slug":"bolsonaro-diz-que-falou-com-trump-e-eua-nao-vao-mais-sobretaxar-o-aco-e-o-aluminio-brasileiros","status":"publish","type":"post","link":"https:\/\/www.caririemacao.com\/1\/2019\/12\/21\/bolsonaro-diz-que-falou-com-trump-e-eua-nao-vao-mais-sobretaxar-o-aco-e-o-aluminio-brasileiros\/","title":{"rendered":"Bolsonaro diz que falou com Trump, e EUA n\u00e3o v\u00e3o mais sobretaxar o a\u00e7o e o alum\u00ednio brasileiros"},"content":{"rendered":"\n<p>&nbsp;O presidente Jair Bolsonaro afirmou, na tarde desta sexta-feira, que o a\u00e7o e o alum\u00ednio do Brasil n\u00e3o ser\u00e3o sobretaxados pelos Estados Unidos. Bolsonaro disse que obteve o compromisso do presidente dos Estados Unidos, Donald Trump, durante uma conversa de 15 minutos, nesta tarde.<\/p>\n\n\n\n<p>Bolsonaro disse que seus argumentos convenceram Trump a n\u00e3o elevar a tarifa de importa\u00e7\u00e3o do a\u00e7o e alum\u00ednio. O an\u00fancio foi feito por Bolsonaro em transmiss\u00e3o ao vivo pelo Facebook. Ele estava acompanhando do ministro das Rela\u00e7\u00f5es Exteriores, Ernesto Ara\u00fajo, e do assessor especial de Rela\u00e7\u00f5es Exteriores, Filipe Martins.<\/p>\n\n\n\n<p>\u2014 Ent\u00e3o, a not\u00edcia que eu dou a todos no Brasil, \u00e9 que o a\u00e7o e alum\u00ednio n\u00e3o ser\u00e3o sobretaxados pelo governo americano. E, n\u00f3s, dessa forma, aprofundaremos mais ainda a nossa rela\u00e7\u00e3o comercial, bem como a de respeito e admira\u00e7\u00e3o entre os nossos povos \u2014 disse Bolsonaro.<\/p>\n\n\n\n<p>Durante a transmiss\u00e3o, Bolsonaro afirmou que, com a decis\u00e3o de Trump, &#8220;a amizade pessoal e a simpatia&#8221; entre os dois &#8220;continuam mais fortalecidas ainda&#8221;.<\/p>\n\n\n\n<p>\u2014 Entendo o que ele queria, pretendia fazer, e dei os meus argumentos para ele. Ele se convenceu dos meus argumentos e decidiu dizer a n\u00f3s todos, brasileiros, que nosso a\u00e7o e nosso alum\u00ednio n\u00e3o ser\u00e3o sobretaxados. Repito: n\u00e3o ser\u00e3o sobretaxados \u2014 acrescentou Bolsonaro.<\/p>\n\n\n\n<p>Logo depois, numa rede social, Trump disse que conversou com Bolsonaro sobre muitos assuntos, inclusive sobre com\u00e9rcio.<\/p>\n\n\n\n<p>&#8220;Acabei de fazer uma \u00f3tima liga\u00e7\u00e3o com o presidente do Brasil, Jair Bolsonaro. Discutimos muitos assuntos, incluindo com\u00e9rcio. O relacionamento entre os Estados Unidos e o Brasil nunca foi t\u00e3o forte!&#8221;, escreveu Trump.<\/p>\n\n\n\n<p>A sobretaxa ao a\u00e7o e ao alum\u00ednio do Brasil havia sido anunciada por Trump no in\u00edcio deste m\u00eas. Na ocasi\u00e3o, o presidente norte-americano tamb\u00e9m anunciou que taxaria os mesmos produtos da Argentina e acusou os governos dos dois pa\u00edses sul-americanos de desvalorizarem suas moedas. Na \u00e9poca, o d\u00f3lar atingia m\u00e1ximas hist\u00f3ricas.<\/p>\n\n\n\n<p>Na ocasi\u00e3o, Bolsonaro disse que n\u00e3o via a medida como retalia\u00e7\u00e3o e que, se fosse necess\u00e1rio, telefonaria para Trump.<\/p>\n\n\n\n<p>Ap\u00f3s a transmiss\u00e3o nas redes sociais, Bolsonaro seguiu at\u00e9 a portaria do Pal\u00e1cio da Alvorada para falar com os jornalistas. Ele voltou a classificar o telefonema como uma &#8220;conversa de dois estadistas&#8221; e disse que a amizade entre dois est\u00e1 &#8220;cada vez mais forte&#8221;.<\/p>\n\n\n\n<p>\u2014&nbsp;Nossa amizade continua cada vez mais forte. Foi uma conversa de dois estadistas que chegaram a um ponto que eu j\u00e1 acreditava que chegaria porque n\u00e3o s\u00f3 o Ernesto como o Paulo Guedes j\u00e1 trabalhavam nesse sentido com o primeiro escal\u00e3o do presidente americano&nbsp;\u2014&nbsp;disse.&nbsp;<\/p>\n\n\n\n<p>Bolsonaro afirmou que, desde que Trump anunciou a poss\u00edvel sobretaxa ao a\u00e7o e alum\u00ednio, os ministros Ernesto Ara\u00fajo (Rela\u00e7\u00f5es Exteriores) e Paulo Guedes (Economia) passaram a conversar com as autoridades americanas, argumentando o impacto negativo para a economia do Brasil. O presidente brasileiro observou ainda que a medida poderia sinalizar que as rela\u00e7\u00f5es entre Brasil e Estados Unidos estavam estremecidas.<\/p>\n\n\n\n<p>\u2014 Poderia dar uma sinaliza\u00e7\u00e3o que politicamente estaria estremecido nosso relacionamento. Nunca esteve, muito pelo contr\u00e1rio. Tanto \u00e9 que voc\u00ea n\u00e3o viu nenhuma manifesta\u00e7\u00e3o minha quando anunciou a sobretaxa. N\u00f3s tratamos de forma diplom\u00e1tica, com muito respeito, essa quest\u00e3o que \u00e9 muito cara para n\u00f3s brasileiros.<\/p>\n\n\n\n<p>Bolsonaro, no entanto, n\u00e3o deu detalhes de quais os argumentos foram usados para convencer Trump a n\u00e3o elevar a taxa\u00e7\u00e3o ao a\u00e7o e alum\u00ednio.&nbsp; Ele tamb\u00e9m n\u00e3o confirmou se antes desta sexta-feira j\u00e1 havia falado com o presidente americano.<\/p>\n","protected":false},"excerpt":{"rendered":"<p>&nbsp;O presidente Jair Bolsonaro afirmou, na tarde desta sexta-feira, que o a\u00e7o e o alum\u00ednio do Brasil n\u00e3o ser\u00e3o sobretaxados pelos Estados Unidos. Bolsonaro disse&hellip; <\/p>\n","protected":false},"author":1,"featured_media":142027,"comment_status":"closed","ping_status":"closed","sticky":false,"template":"","format":"standard","meta":{"sfsi_plus_gutenberg_text_before_share":"","sfsi_plus_gutenberg_show_text_before_share":"","sfsi_plus_gutenberg_icon_type":"","sfsi_plus_gutenberg_icon_alignemt":"","sfsi_plus_gutenburg_max_per_row":"","footnotes":""},"categories":[11],"tags":[],"class_list":["post-142112","post","type-post","status-publish","format-standard","has-post-thumbnail","hentry","category-politica"],"_links":{"self":[{"href":"https:\/\/www.caririemacao.com\/1\/wp-json\/wp\/v2\/posts\/142112","targetHints":{"allow":["GET"]}}],"collection":[{"href":"https:\/\/www.caririemacao.com\/1\/wp-json\/wp\/v2\/posts"}],"about":[{"href":"https:\/\/www.caririemacao.com\/1\/wp-json\/wp\/v2\/types\/post"}],"author":[{"embeddable":true,"href":"https:\/\/www.caririemacao.com\/1\/wp-json\/wp\/v2\/users\/1"}],"replies":[{"embeddable":true,"href":"https:\/\/www.caririemacao.com\/1\/wp-json\/wp\/v2\/comments?post=142112"}],"version-history":[{"count":1,"href":"https:\/\/www.caririemacao.com\/1\/wp-json\/wp\/v2\/posts\/142112\/revisions"}],"predecessor-version":[{"id":142114,"href":"https:\/\/www.caririemacao.com\/1\/wp-json\/wp\/v2\/posts\/142112\/revisions\/142114"}],"wp:featuredmedia":[{"embeddable":true,"href":"https:\/\/www.caririemacao.com\/1\/wp-json\/wp\/v2\/media\/142027"}],"wp:attachment":[{"href":"https:\/\/www.caririemacao.com\/1\/wp-json\/wp\/v2\/media?parent=142112"}],"wp:term":[{"taxonomy":"category","embeddable":true,"href":"https:\/\/www.caririemacao.com\/1\/wp-json\/wp\/v2\/categories?post=142112"},{"taxonomy":"post_tag","embeddable":true,"href":"https:\/\/www.caririemacao.com\/1\/wp-json\/wp\/v2\/tags?post=142112"}],"curies":[{"name":"wp","href":"https:\/\/api.w.org\/{rel}","templated":true}]}}