{"id":142121,"date":"2019-12-21T10:13:25","date_gmt":"2019-12-21T13:13:25","guid":{"rendered":"http:\/\/www.caririemacao.com\/1\/?p=142121"},"modified":"2019-12-21T10:13:25","modified_gmt":"2019-12-21T13:13:25","slug":"juiza-lessandra-nara-podera-assumir-prefeitura-de-conde-pb-na-segunda-23","status":"publish","type":"post","link":"https:\/\/www.caririemacao.com\/1\/2019\/12\/21\/juiza-lessandra-nara-podera-assumir-prefeitura-de-conde-pb-na-segunda-23\/","title":{"rendered":"Juiza Lessandra Nara poder\u00e1 assumir Prefeitura de Conde-Pb na segunda (23)"},"content":{"rendered":"\n<p>Circulam no meio pol\u00edtico do munic\u00edpio de Conde regi\u00e3o do Litoral Sul de Jo\u00e3o Pessoa,fortes coment\u00e1rios&nbsp; que na pr\u00f3xima segunda-feira (23) A Ju\u00edza Lessandra Nara Torres da Comarca do Munic\u00edpio de Conde assuma a Prefeitura local, substituindo o atual prefeito interino que est\u00e1 sendo processado por crime de peculato cujo processo est\u00e1 em tramita\u00e7\u00e3o na esfera judicial o que impede a \u201d Manga Rosa \u201d como \u00e9 conhecido ,mesmo que interinamente assuma os destinos da edilidade.<\/p>\n\n\n\n<p>Pessoas ligadas atual gest\u00e3o ratificam tais coment\u00e1rios e, pedem para n\u00e3o terem nomes revelados. Analistas pol\u00edticos afirmam que essa turbul\u00eancia pol\u00edtica vai passar e que tudo vai se normalizar com o retorno da prefeita M\u00e1rcia Lucena (PSB ) que aguarda decis\u00e3o da Justi\u00e7a visando sua liberdade.<\/p>\n\n\n\n<p>O presidente da C\u00e2mara de Vereadores do Conde, no Litoral Sul paraibano, Carlos Andr\u00e9 de Oliveira, conhecido como Manga Rosa (MDB) tomou posse como prefeito interino da cidade na \u00faltima&nbsp; quarta-feira (18). A posse aconteceu um dia ap\u00f3s a prefeita M\u00e1rcia Lucena (PSB) ser presa preventivamente durante a 7\u00aa fase da Opera\u00e7\u00e3o Calv\u00e1rio, deflagrada na ter\u00e7a-feira (17).<\/p>\n\n\n\n<p>Para quem n\u00e3o recorda, Boca Louca, ou Fernando Ara\u00fajo, \u00e9 aquele vereador acusado de se apropriar da maior parte dos sal\u00e1rios dos assessores. Carlos Andr\u00e9 de Oliveira, conhecido como Manga Rosa ( MDB ) \u00e9 indiciado por pratica de peculato, cujo processo est\u00e1 em tramita\u00e7\u00e3o.<\/p>\n\n\n\n<div class=\"wp-block-image\"><figure class=\"aligncenter\"><img decoding=\"async\" data-src=\"https:\/\/i0.wp.com\/reporteriedoferreira.com.br\/wp-content\/uploads\/2019\/12\/Conde-estatuto-270x480.jpg?resize=270%2C480&amp;ssl=1\" alt=\"\" class=\"wp-image-125787 lazyload\" src=\"data:image\/svg+xml;base64,PHN2ZyB3aWR0aD0iMSIgaGVpZ2h0PSIxIiB4bWxucz0iaHR0cDovL3d3dy53My5vcmcvMjAwMC9zdmciPjwvc3ZnPg==\" style=\"--smush-placeholder-width: 270px; --smush-placeholder-aspect-ratio: 270\/480;\" \/><\/figure><\/div>\n\n\n\n<h1 class=\"wp-block-heading\">RELEMBREM O CASO<\/h1>\n\n\n\n<h1 class=\"wp-block-heading\">Boca Louca renuncia, Fl\u00e1vio do Cabar\u00e9 est\u00e1 preso e Luiz de Bihino deve assumir vaga na C\u00e2mara<\/h1>\n\n\n\n<h3 class=\"wp-block-heading\">Acusado de corrup\u00e7\u00e3o e delator de esquemas na C\u00e2mara, Fernando Boca Louca comunica ren\u00fancia do cargo<\/h3>\n\n\n\n<p>Peculato: Fernando Boca Louca \u00e9 acusado de ter se apropriado dos sal\u00e1rios de servidores indicados por ele na C\u00e2mara.<\/p>\n\n\n\n<p>A situa\u00e7\u00e3o na C\u00e2mara Municipal do Conde, na Grande Jo\u00e3o Pessoa, est\u00e1 de vaca desconhecer bezerro. Na mesma semana em que dois vereadores foram presos preventivamente (Naldo Cell e Malba de Jacum\u00e3), o vereador Fernando Boca Louca (Avante) decidiu renunciar ao mandato. Ele encaminhou carta-ren\u00fancia \u00e0 dire\u00e7\u00e3o da Casa. Para quem n\u00e3o recorda, Boca Louca, ou Fernando Ara\u00fajo, \u00e9 aquele vereador acusado de se apropriar da maior parte dos sal\u00e1rios dos assessores. Da\u00ed vem o problema: o suplente dele, Fl\u00e1vio do Cabar\u00e9 (ou Fl\u00e1vio Melo, do PR), est\u00e1 preso. A vaga, portanto, poder\u00e1 sobrar para Luiz de Bihino (PR), o segundo suplente.<\/p>\n\n\n\n<p>As hist\u00f3rias que cercam a C\u00e2mara da cidade s\u00e3o muito graves. Boca Louca \u00e9 alvo de um processo de cassa\u00e7\u00e3o por quebra do decoro parlamentar. Ele n\u00e3o nega que quebrou. At\u00e9 confessou os crimes em depoimento prestado na Delegacia Especializada de Combate ao Crime Organizado (Deccor). Ele ficava com 90% dos sal\u00e1rios pagos a servidores fantasmas. Alguns deles sequer sabiam que eram contratados pela Casa. Resultado: nestes casos, ele ficava com 100% do sal\u00e1rio. Ao delegado Allan Murilo Terruel, Boca Louca revelou que outros vereadores faziam o mesmo no Legislativo.<\/p>\n\n\n\n<p>Aproveitando a oportunidade, o primeiro suplente, Fl\u00e1vio do Cabar\u00e9, protocolou pedido de cassa\u00e7\u00e3o na C\u00e2mara. O problema \u00e9 que antes mesmo de ver o processo percorrer todas as etapas, ele foi preso. A pris\u00e3o ocorreu no dia 25 de abril, em decorr\u00eancia de mandado de pris\u00e3o em aberto desde agosto de 2018. O suplente \u00e9 acusado de participa\u00e7\u00e3o em esquema de explora\u00e7\u00e3o sexual em munic\u00edpios paraibanos e de Pernambuco. H\u00e1 den\u00fancias de reten\u00e7\u00e3o de documentos, est\u00edmulo para que mulheres contra\u00edssem d\u00edvidas e at\u00e9 explora\u00e7\u00e3o sexual infantil.<\/p>\n\n\n\n<p>O presidente da C\u00e2mara, Carlos Manga Rosa (MDB), n\u00e3o se mostrou surpreso com a decis\u00e3o do colega. \u201cAcho que ele se antecipou ao fim do processo de cassa\u00e7\u00e3o. Ele tinha at\u00e9 ter\u00e7a-feira (14) para apresentar defesa na comiss\u00e3o processante. Os crimes foram confessados \u00e0 pol\u00edcia. Ent\u00e3o, n\u00e3o sobraria muito o que negar\u201d, disse. Recebida a carta-ren\u00fancia, ela ser\u00e1 lida na primeira sess\u00e3o ordin\u00e1ria do Legislativo, ou seja, na pr\u00f3xima segunda-feira (13). Com isso, a Casa ter\u00e1 48 horas para notificar o suplente, Fl\u00e1vio do Cabar\u00e9, que conquistou 431 votos na elei\u00e7\u00e3o.<\/p>\n\n\n\n<p>Depois da notifica\u00e7\u00e3o, Fl\u00e1vio ter\u00e1 15 dias para tomar posse. Neste meio tempo, a defesa poder\u00e1 protocolar pedido na Justi\u00e7a para isso. Caso n\u00e3o consiga, a C\u00e2mara vai notificar o segundo suplente, Luiz de Bihino (PR). Ele conseguiu 402 votos nas elei\u00e7\u00f5es de 2016. Boca Louca tinha conseguido 669 votos no pleito. Um fato que precisa ser analisado \u00e9 que muito provavelmente a C\u00e2mara Municipal vai decretar a perda do objeto no processo de cassa\u00e7\u00e3o de Boca Louca. Mesmo assim, ele dever\u00e1 se tornar ineleg\u00edvel para os pr\u00f3ximos pleitos por ter renunciado para \u201cfugir\u201d do processo.<\/p>\n\n\n\n<p>Jornal da Paraiba<\/p>\n","protected":false},"excerpt":{"rendered":"<p>Circulam no meio pol\u00edtico do munic\u00edpio de Conde regi\u00e3o do Litoral Sul de Jo\u00e3o Pessoa,fortes coment\u00e1rios&nbsp; que na pr\u00f3xima segunda-feira (23) A Ju\u00edza Lessandra Nara&hellip; <\/p>\n","protected":false},"author":1,"featured_media":142123,"comment_status":"closed","ping_status":"closed","sticky":false,"template":"","format":"standard","meta":{"sfsi_plus_gutenberg_text_before_share":"","sfsi_plus_gutenberg_show_text_before_share":"","sfsi_plus_gutenberg_icon_type":"","sfsi_plus_gutenberg_icon_alignemt":"","sfsi_plus_gutenburg_max_per_row":"","footnotes":""},"categories":[6],"tags":[],"class_list":["post-142121","post","type-post","status-publish","format-standard","has-post-thumbnail","hentry","category-cidades"],"_links":{"self":[{"href":"https:\/\/www.caririemacao.com\/1\/wp-json\/wp\/v2\/posts\/142121","targetHints":{"allow":["GET"]}}],"collection":[{"href":"https:\/\/www.caririemacao.com\/1\/wp-json\/wp\/v2\/posts"}],"about":[{"href":"https:\/\/www.caririemacao.com\/1\/wp-json\/wp\/v2\/types\/post"}],"author":[{"embeddable":true,"href":"https:\/\/www.caririemacao.com\/1\/wp-json\/wp\/v2\/users\/1"}],"replies":[{"embeddable":true,"href":"https:\/\/www.caririemacao.com\/1\/wp-json\/wp\/v2\/comments?post=142121"}],"version-history":[{"count":1,"href":"https:\/\/www.caririemacao.com\/1\/wp-json\/wp\/v2\/posts\/142121\/revisions"}],"predecessor-version":[{"id":142124,"href":"https:\/\/www.caririemacao.com\/1\/wp-json\/wp\/v2\/posts\/142121\/revisions\/142124"}],"wp:featuredmedia":[{"embeddable":true,"href":"https:\/\/www.caririemacao.com\/1\/wp-json\/wp\/v2\/media\/142123"}],"wp:attachment":[{"href":"https:\/\/www.caririemacao.com\/1\/wp-json\/wp\/v2\/media?parent=142121"}],"wp:term":[{"taxonomy":"category","embeddable":true,"href":"https:\/\/www.caririemacao.com\/1\/wp-json\/wp\/v2\/categories?post=142121"},{"taxonomy":"post_tag","embeddable":true,"href":"https:\/\/www.caririemacao.com\/1\/wp-json\/wp\/v2\/tags?post=142121"}],"curies":[{"name":"wp","href":"https:\/\/api.w.org\/{rel}","templated":true}]}}