{"id":142132,"date":"2019-12-21T10:16:56","date_gmt":"2019-12-21T13:16:56","guid":{"rendered":"http:\/\/www.caririemacao.com\/1\/?p=142132"},"modified":"2019-12-21T10:16:56","modified_gmt":"2019-12-21T13:16:56","slug":"prefeito-jefferson-roberto-retira-todas-as-inadimplencias-e-volta-a-limpar-cauc-de-sao-jose-dos-cordeiros","status":"publish","type":"post","link":"https:\/\/www.caririemacao.com\/1\/2019\/12\/21\/prefeito-jefferson-roberto-retira-todas-as-inadimplencias-e-volta-a-limpar-cauc-de-sao-jose-dos-cordeiros\/","title":{"rendered":"Prefeito Jefferson Roberto retira todas as inadimpl\u00eancias e volta a limpar CAUC de S\u00e3o Jos\u00e9 dos Cordeiros"},"content":{"rendered":"\n<p>O prefeito Jefferson Roberto comemorou nesta sexta-feira (20) a adimpl\u00eancia do munic\u00edpio de S\u00e3o Jos\u00e9 dos Cordeiros com o Governo Federal. Com esfor\u00e7o da equipe administrativa, o gestor conseguiu deixar o CAUC do munic\u00edpio completamente adimplente, permitindo assim que a cidade continue a receber emendas e lideran\u00e7as de verbas federais.<\/p>\n\n\n\n<p>O CAUC \u00e9 o Servi\u00e7o Auxiliar de Informa\u00e7\u00f5es para Transfer\u00eancias Volunt\u00e1rias de um ente federativo, que disponibiliza informa\u00e7\u00f5es acerca da situa\u00e7\u00e3o de cumprimento de requisitos fiscais necess\u00e1rios \u00e0 celebra\u00e7\u00e3o de conv\u00eanios para transfer\u00eancia de recursos do governo federal. Para melhor entender, o CAUC equivale ao SPC ou Serasa para os cidad\u00e3os comuns.<\/p>\n\n\n\n<p>O prefeito Jefferson Roberto explicou que como o CAUC envolve uma s\u00e9rie de \u00f3rg\u00e3os, com facilidade o munic\u00edpio perde a sua condi\u00e7\u00e3o de adimpl\u00eancia, por pequenas falhas e assim fica prejudicado. Opositores que sequer sabem o que comp\u00f5e um CAUC, muitas vezes aproveitam a oportunidade de inadimpl\u00eancia para criticar a gest\u00e3o, mas sequer sabem o que e porqu\u00ea est\u00e3o criticando.<\/p>\n\n\n\n<p>\u201cEu acho que pol\u00edtica se faz antes de tudo com \u00e9tica e compromisso com a verdade. Se quiser outro elemento importante acrescento a compet\u00eancia. Lamento que alguns dos opositores cordeirenses n\u00e3o sabem o que significam nenhum desses itens e se passam a criticar momentos pontuais em que estivemos com pend\u00eancias no CAUC. Hoje estamos com o nome limpo e com emendas e projetos para receber novos investimentos para nossa cidade, que n\u00e3o para de crescer nos \u00faltimos 11 anos de administra\u00e7\u00e3o\u201d, pontuou.<\/p>\n","protected":false},"excerpt":{"rendered":"<p>O prefeito Jefferson Roberto comemorou nesta sexta-feira (20) a adimpl\u00eancia do munic\u00edpio de S\u00e3o Jos\u00e9 dos Cordeiros com o Governo Federal. Com esfor\u00e7o da equipe&hellip; <\/p>\n","protected":false},"author":1,"featured_media":30380,"comment_status":"closed","ping_status":"closed","sticky":false,"template":"","format":"standard","meta":{"sfsi_plus_gutenberg_text_before_share":"","sfsi_plus_gutenberg_show_text_before_share":"","sfsi_plus_gutenberg_icon_type":"","sfsi_plus_gutenberg_icon_alignemt":"","sfsi_plus_gutenburg_max_per_row":"","footnotes":""},"categories":[6,50],"tags":[],"class_list":["post-142132","post","type-post","status-publish","format-standard","has-post-thumbnail","hentry","category-cidades","category-destaque"],"_links":{"self":[{"href":"https:\/\/www.caririemacao.com\/1\/wp-json\/wp\/v2\/posts\/142132","targetHints":{"allow":["GET"]}}],"collection":[{"href":"https:\/\/www.caririemacao.com\/1\/wp-json\/wp\/v2\/posts"}],"about":[{"href":"https:\/\/www.caririemacao.com\/1\/wp-json\/wp\/v2\/types\/post"}],"author":[{"embeddable":true,"href":"https:\/\/www.caririemacao.com\/1\/wp-json\/wp\/v2\/users\/1"}],"replies":[{"embeddable":true,"href":"https:\/\/www.caririemacao.com\/1\/wp-json\/wp\/v2\/comments?post=142132"}],"version-history":[{"count":1,"href":"https:\/\/www.caririemacao.com\/1\/wp-json\/wp\/v2\/posts\/142132\/revisions"}],"predecessor-version":[{"id":142133,"href":"https:\/\/www.caririemacao.com\/1\/wp-json\/wp\/v2\/posts\/142132\/revisions\/142133"}],"wp:featuredmedia":[{"embeddable":true,"href":"https:\/\/www.caririemacao.com\/1\/wp-json\/wp\/v2\/media\/30380"}],"wp:attachment":[{"href":"https:\/\/www.caririemacao.com\/1\/wp-json\/wp\/v2\/media?parent=142132"}],"wp:term":[{"taxonomy":"category","embeddable":true,"href":"https:\/\/www.caririemacao.com\/1\/wp-json\/wp\/v2\/categories?post=142132"},{"taxonomy":"post_tag","embeddable":true,"href":"https:\/\/www.caririemacao.com\/1\/wp-json\/wp\/v2\/tags?post=142132"}],"curies":[{"name":"wp","href":"https:\/\/api.w.org\/{rel}","templated":true}]}}