{"id":142144,"date":"2019-12-21T10:20:33","date_gmt":"2019-12-21T13:20:33","guid":{"rendered":"http:\/\/www.caririemacao.com\/1\/?p=142144"},"modified":"2019-12-21T10:20:33","modified_gmt":"2019-12-21T13:20:33","slug":"operacao-da-pf-mira-organizacao-por-superfaturamento-de-obras-no-sertao-da-paraiba","status":"publish","type":"post","link":"https:\/\/www.caririemacao.com\/1\/2019\/12\/21\/operacao-da-pf-mira-organizacao-por-superfaturamento-de-obras-no-sertao-da-paraiba\/","title":{"rendered":"Opera\u00e7\u00e3o da PF mira organiza\u00e7\u00e3o por superfaturamento de obras no Sert\u00e3o da Para\u00edba"},"content":{"rendered":"\n<p>A Pol\u00edcia Federal deflagrou, na manh\u00e3 deste s\u00e1bado, a Opera\u00e7\u00e3o P\u00e9s de Barro, cujo objetivo \u00e9 desarticular organiza\u00e7\u00e3o criminosa dedicada \u00e0 realiza\u00e7\u00e3o de pagamentos il\u00edcitos e superfaturamentos de obras no Sert\u00e3o da Para\u00edba.<\/p>\n\n\n\n<p>A opera\u00e7\u00e3o contou com a participa\u00e7\u00e3o de 80 Policiais Federais, sendo realizado o cumprimento de 13 mandados de busca e apreens\u00e3o nas resid\u00eancias e locais de trabalho dos investigados, bem como 04 mandados pris\u00e3o preventiva e 07 ordens de afastamento das fun\u00e7\u00f5es p\u00fablicas, nas cidades de Jo\u00e3o Pessoa\/PB, Bras\u00edlia\/DF, Uira\u00fana\/PB e S\u00e3o Jo\u00e3o do Rio do Peixe\/PB.<\/p>\n\n\n\n<p>As ordens de busca e apreens\u00e3o, pris\u00e3o preventiva e suspens\u00e3o do exerc\u00edcio de fun\u00e7\u00f5es p\u00fablicas foram expedidas pelo Excelent\u00edssimo Senhor Ministro Celso de Mello, do Supremo Tribunal Federal \u2013 STF, tendo em vista a previs\u00e3o constitucional de foro por prerrogativa de fun\u00e7\u00e3o de um dos investigados, o qual ocupa o cargo de Deputado Federal.<\/p>\n\n\n\n<p>Os investigados dever\u00e3o responder pelos crimes de peculato, lavagem de dinheiro, fraude licitat\u00f3ria e forma\u00e7\u00e3o de organiza\u00e7\u00e3o criminosa, cujas penas, somadas, ultrapassam 20 anos de reclus\u00e3o.<\/p>\n\n\n\n<p><strong>Entenda o caso<\/strong><\/p>\n\n\n\n<p>As investiga\u00e7\u00f5es apuram pagamentos de vantagens il\u00edcitas (\u201cpropina\u201d) decorrentes do superfaturamento das obras de constru\u00e7\u00e3o da \u201cAdutora Capivara\u201d, a qual se trata de um sistema adutor que deve se estender do munic\u00edpio de S\u00e3o Jos\u00e9 do Rio do Peixe\/PB ao munic\u00edpio de Uira\u00fana\/PB, no Sert\u00e3o da Para\u00edba.<\/p>\n\n\n\n<p>As obras contratadas, inicialmente, pelo montante de R$ 24.807.032,95 j\u00e1 teriam permitido, de acordo com as investiga\u00e7\u00f5es, a distribui\u00e7\u00e3o de propinas no valor R$ 1.266.050,67.<\/p>\n\n\n\n<p>O inqu\u00e9rito policial federal teve por base uma proposta de colabora\u00e7\u00e3o premiada, apresentada pela Pol\u00edcia Federal e acolhida pelo Exmo. Ministro Relator no STF.<\/p>\n\n\n\n<p>Foi ainda determinado pelo Poder Judici\u00e1rio a indisponibilidade de bens im\u00f3veis em nome dos investigados.<br>Tal medida tem por objetivo ressarcir os cofres p\u00fablicos dos desvios apurados.<\/p>\n\n\n\n<p><strong>Crimes Investigados<\/strong><\/p>\n\n\n\n<p>Os investigados dever\u00e3o responder pelos crimes de peculato (art. 312 do C\u00f3digo Penal), lavagem de dinheiro (art. 1\u00ba da Lei 9.613\/98), fraude licitat\u00f3ria (art. 90 da Lei 8.666\/93) e forma\u00e7\u00e3o de organiza\u00e7\u00e3o criminosa (art. 2\u00ba da Lei 12.850\/2013).<\/p>\n\n\n\n<p>O nome da opera\u00e7\u00e3o \u00e9 uma alus\u00e3o a um termo b\u00edblico que serve para identificar, na vida p\u00fablica, os falsos valores pol\u00edticos, ou seja, os l\u00edderes carentes de m\u00e9ritos intr\u00ednsecos.<\/p>\n\n\n\n<p>Nabucodonosor, antigo rei da Babil\u00f4nia, teve um sonho interpretado pelo profeta Daniel no qual uma grande est\u00e1tua de ouro, cobre e prata desmoronara por ter os p\u00e9s de barro.<\/p>\n\n\n\n<p>O termo \u201cp\u00e9s de barro\u201d, ent\u00e3o, passou a designar as riquezas cuja base n\u00e3o se sustenta do ponto de vista moral.<\/p>\n\n\n\n<p>N\u00e3o haver\u00e1 entrevista coletiva.<\/p>\n","protected":false},"excerpt":{"rendered":"<p>A Pol\u00edcia Federal deflagrou, na manh\u00e3 deste s\u00e1bado, a Opera\u00e7\u00e3o P\u00e9s de Barro, cujo objetivo \u00e9 desarticular organiza\u00e7\u00e3o criminosa dedicada \u00e0 realiza\u00e7\u00e3o de pagamentos il\u00edcitos&hellip; <\/p>\n","protected":false},"author":1,"featured_media":51851,"comment_status":"closed","ping_status":"closed","sticky":false,"template":"","format":"standard","meta":{"sfsi_plus_gutenberg_text_before_share":"","sfsi_plus_gutenberg_show_text_before_share":"","sfsi_plus_gutenberg_icon_type":"","sfsi_plus_gutenberg_icon_alignemt":"","sfsi_plus_gutenburg_max_per_row":"","footnotes":""},"categories":[12],"tags":[],"class_list":["post-142144","post","type-post","status-publish","format-standard","has-post-thumbnail","hentry","category-policia"],"_links":{"self":[{"href":"https:\/\/www.caririemacao.com\/1\/wp-json\/wp\/v2\/posts\/142144","targetHints":{"allow":["GET"]}}],"collection":[{"href":"https:\/\/www.caririemacao.com\/1\/wp-json\/wp\/v2\/posts"}],"about":[{"href":"https:\/\/www.caririemacao.com\/1\/wp-json\/wp\/v2\/types\/post"}],"author":[{"embeddable":true,"href":"https:\/\/www.caririemacao.com\/1\/wp-json\/wp\/v2\/users\/1"}],"replies":[{"embeddable":true,"href":"https:\/\/www.caririemacao.com\/1\/wp-json\/wp\/v2\/comments?post=142144"}],"version-history":[{"count":1,"href":"https:\/\/www.caririemacao.com\/1\/wp-json\/wp\/v2\/posts\/142144\/revisions"}],"predecessor-version":[{"id":142145,"href":"https:\/\/www.caririemacao.com\/1\/wp-json\/wp\/v2\/posts\/142144\/revisions\/142145"}],"wp:featuredmedia":[{"embeddable":true,"href":"https:\/\/www.caririemacao.com\/1\/wp-json\/wp\/v2\/media\/51851"}],"wp:attachment":[{"href":"https:\/\/www.caririemacao.com\/1\/wp-json\/wp\/v2\/media?parent=142144"}],"wp:term":[{"taxonomy":"category","embeddable":true,"href":"https:\/\/www.caririemacao.com\/1\/wp-json\/wp\/v2\/categories?post=142144"},{"taxonomy":"post_tag","embeddable":true,"href":"https:\/\/www.caririemacao.com\/1\/wp-json\/wp\/v2\/tags?post=142144"}],"curies":[{"name":"wp","href":"https:\/\/api.w.org\/{rel}","templated":true}]}}