{"id":142154,"date":"2019-12-21T10:26:37","date_gmt":"2019-12-21T13:26:37","guid":{"rendered":"http:\/\/www.caririemacao.com\/1\/?p=142154"},"modified":"2019-12-21T10:26:37","modified_gmt":"2019-12-21T13:26:37","slug":"supremo-tribunal-afasta-deputado-federal-da-paraiba","status":"publish","type":"post","link":"https:\/\/www.caririemacao.com\/1\/2019\/12\/21\/supremo-tribunal-afasta-deputado-federal-da-paraiba\/","title":{"rendered":"Supremo Tribunal afasta deputado federal da Para\u00edba"},"content":{"rendered":"\n<p>Pol\u00edcia Federal realiza na manh\u00e3 deste s\u00e1bado (21) busca e apreens\u00e3o no Congresso, em\u00a0opera\u00e7\u00e3o que tem como um dos alvos\u00a0o deputado federal Wilson Santiago (PTB-PB).<\/p>\n\n\n\n<p>A medida foi autorizada pelo ministro Celso de Mello, do STF (Supremo Tribunal Federal), que decidiu tamb\u00e9m afastar o parlamentar do cargo.<\/p>\n\n\n\n<p>A a\u00e7\u00e3o da PF, segundo informativo divulgado nesta manh\u00e3, tem o objetivo de desarticular organiza\u00e7\u00e3o criminosa que fazia pagamentos il\u00edcitos e superfaturava obras no sert\u00e3o da Para\u00edba.<\/p>\n\n\n\n<p>O prefeito da cidade de Uira\u00fana (PB), Jo\u00e3o Bosco Nonato Fernandes, foi preso na opera\u00e7\u00e3o.<\/p>\n\n\n\n<p>Ao todo, a pol\u00edcia cumpre 13 mandados do mesmo tipo, em resid\u00eancias e locais de trabalho dos suspeitos, quatro mandados de pris\u00e3o preventiva e sete ordens de afastamento de fun\u00e7\u00f5es p\u00fablicas.<\/p>\n\n\n\n<p>Segundo a nota da PF, os investigados dever\u00e3o responder pelos crimes de peculato, lavagem de dinheiro, fraude licitat\u00f3ria e forma\u00e7\u00e3o de organiza\u00e7\u00e3o criminosa, cujas penas, somadas, ultrapassam 20 anos de reclus\u00e3o.<\/p>\n\n\n\n<figure class=\"wp-block-image\"><img decoding=\"async\" data-src=\"https:\/\/paraibaonline.com.br\/wp-content\/uploads\/2019\/07\/Wilson-Santiago-ascom-567x377.jpg\" alt=\"Foto: Ascom\" class=\"wp-image-748642 lazyload\" src=\"data:image\/svg+xml;base64,PHN2ZyB3aWR0aD0iMSIgaGVpZ2h0PSIxIiB4bWxucz0iaHR0cDovL3d3dy53My5vcmcvMjAwMC9zdmciPjwvc3ZnPg==\" style=\"--smush-placeholder-width: 567px; --smush-placeholder-aspect-ratio: 567\/377;\" \/><\/figure>\n\n\n\n<p>Foto: Ascom<\/p>\n\n\n\n<p>Al\u00e9m do deputado e do prefeito, os outros alvos s\u00e3o: quatro assessores do parlamentar (Evani Ramalho, Israel Nunes, Luiz Carlos de Almeida e Zoir Neves), Severino Batista, funcion\u00e1rio da prefeitura, e o empres\u00e1rio Cledson Dantas.<\/p>\n\n\n\n<p>A investiga\u00e7\u00e3o,&nbsp;que teve como base uma proposta de dela\u00e7\u00e3o premiada, tem rela\u00e7\u00e3o com desvios de dinheiro p\u00fablico na constru\u00e7\u00e3o da Adutora Capivara, no sert\u00e3o da Para\u00edba.<\/p>\n\n\n\n<p>As obras foram contratadas inicialmente, segundo o inqu\u00e9rito, pelo valor de R$ 24,8 milh\u00f5es.<\/p>\n\n\n\n<p>De acordo com o que j\u00e1 foi apurado pela PF, cerca de R$ 1,2 milh\u00e3o foi desviado para pagamento de vantagens il\u00edcitas.<\/p>\n\n\n\n<p>Em nota, o advogado de Wilson Santiago, Lu\u00eds Henrique Machado, afirmou que o parlamentar recebeu \u201ccom respeito e acatamento\u201d a decis\u00e3o do ministro Celso de Mello.&nbsp;\u201c[Santiago] Est\u00e1 absolutamente tranquilo e demonstrar\u00e1, em momento oportuno, a inexist\u00eancia de qualquer rela\u00e7\u00e3o com os fatos investigados\u201d, afirmou o advogado.<\/p>\n\n\n\n<p>O ministro da Justi\u00e7a,&nbsp;Sergio&nbsp;Moro, se manifestou sobre a a\u00e7\u00e3o pelas redes sociais nesta manh\u00e3.<\/p>\n\n\n\n<p>\u201cQuase encerrando o ano, a Pol\u00edcia Federal realiza mais uma opera\u00e7\u00e3o relevante contra a corrup\u00e7\u00e3o e a lavagem de dinheiro autorizada por decis\u00e3o do ministro Celso de Mello do STF. Buscas, pris\u00f5es preventivas e outras medidas importantes\u201d, escreveu Moro.<\/p>\n\n\n\n<p>FOLHA PRESS<br><\/p>\n","protected":false},"excerpt":{"rendered":"<p>Pol\u00edcia Federal realiza na manh\u00e3 deste s\u00e1bado (21) busca e apreens\u00e3o no Congresso, em\u00a0opera\u00e7\u00e3o que tem como um dos alvos\u00a0o deputado federal Wilson Santiago (PTB-PB).&hellip; <\/p>\n","protected":false},"author":1,"featured_media":142155,"comment_status":"closed","ping_status":"closed","sticky":false,"template":"","format":"standard","meta":{"sfsi_plus_gutenberg_text_before_share":"","sfsi_plus_gutenberg_show_text_before_share":"","sfsi_plus_gutenberg_icon_type":"","sfsi_plus_gutenberg_icon_alignemt":"","sfsi_plus_gutenburg_max_per_row":"","footnotes":""},"categories":[11],"tags":[],"class_list":["post-142154","post","type-post","status-publish","format-standard","has-post-thumbnail","hentry","category-politica"],"_links":{"self":[{"href":"https:\/\/www.caririemacao.com\/1\/wp-json\/wp\/v2\/posts\/142154","targetHints":{"allow":["GET"]}}],"collection":[{"href":"https:\/\/www.caririemacao.com\/1\/wp-json\/wp\/v2\/posts"}],"about":[{"href":"https:\/\/www.caririemacao.com\/1\/wp-json\/wp\/v2\/types\/post"}],"author":[{"embeddable":true,"href":"https:\/\/www.caririemacao.com\/1\/wp-json\/wp\/v2\/users\/1"}],"replies":[{"embeddable":true,"href":"https:\/\/www.caririemacao.com\/1\/wp-json\/wp\/v2\/comments?post=142154"}],"version-history":[{"count":1,"href":"https:\/\/www.caririemacao.com\/1\/wp-json\/wp\/v2\/posts\/142154\/revisions"}],"predecessor-version":[{"id":142156,"href":"https:\/\/www.caririemacao.com\/1\/wp-json\/wp\/v2\/posts\/142154\/revisions\/142156"}],"wp:featuredmedia":[{"embeddable":true,"href":"https:\/\/www.caririemacao.com\/1\/wp-json\/wp\/v2\/media\/142155"}],"wp:attachment":[{"href":"https:\/\/www.caririemacao.com\/1\/wp-json\/wp\/v2\/media?parent=142154"}],"wp:term":[{"taxonomy":"category","embeddable":true,"href":"https:\/\/www.caririemacao.com\/1\/wp-json\/wp\/v2\/categories?post=142154"},{"taxonomy":"post_tag","embeddable":true,"href":"https:\/\/www.caririemacao.com\/1\/wp-json\/wp\/v2\/tags?post=142154"}],"curies":[{"name":"wp","href":"https:\/\/api.w.org\/{rel}","templated":true}]}}