{"id":142166,"date":"2019-12-21T10:32:09","date_gmt":"2019-12-21T13:32:09","guid":{"rendered":"http:\/\/www.caririemacao.com\/1\/?p=142166"},"modified":"2019-12-21T10:32:09","modified_gmt":"2019-12-21T13:32:09","slug":"ministerio-da-saude-alega-nao-ter-previsao-para-repasse-de-vacina-pentavalente-aos-postos-da-pb","status":"publish","type":"post","link":"https:\/\/www.caririemacao.com\/1\/2019\/12\/21\/ministerio-da-saude-alega-nao-ter-previsao-para-repasse-de-vacina-pentavalente-aos-postos-da-pb\/","title":{"rendered":"Minist\u00e9rio da Sa\u00fade alega n\u00e3o ter previs\u00e3o para repasse de vacina pentavalente aos postos da PB"},"content":{"rendered":"\n<p>Ap\u00f3s den\u00fancias de m\u00e3es que estariam tendo que pagar para vacinar seus beb\u00eas por falta da vacina pentavalente nos postos de sa\u00fade da Para\u00edba, o Portal ClickPB procurou o\u00a0Minist\u00e9rio da Sa\u00fade, o mesmo\u00a0disse que n\u00e3o existe previs\u00e3o de retomada do repasse das vacinas e alegou complica\u00e7\u00f5es com os fornecedores. Ainda informou que\u00a0mais de 88 mil vacinas s\u00e3o destinadas ao estado da Para\u00edba. A \u00faltima remessa da pasta foi feita em outubro, com o envio 885 mil doses para todo o pa\u00eds e 14 mil para a Para\u00edba.<\/p>\n\n\n\n<p>Confira a nota enviada pelo \u00f3rg\u00e3o ao Portal ClickPB:&nbsp;&nbsp;<\/p>\n\n\n\n<p><strong>NOTA&nbsp; &nbsp; &nbsp; &nbsp; &nbsp; &nbsp; &nbsp; &nbsp; &nbsp; &nbsp; &nbsp; &nbsp;<\/strong><br><em>&#8220;O Minist\u00e9rio da Sa\u00fade informa que distribuiu mais de 4,7 milh\u00f5es de doses da vacina pentavalente aos estados de todo o pa\u00eds neste ano, sendo mais de 88 mil para o estado da Para\u00edba. A \u00faltima remessa da pasta foi feita em outubro, com o envio 885 mil doses para todo o pa\u00eds e 14 mil para a Para\u00edba. Em novembro, n\u00e3o foi poss\u00edvel realizar o envio, pois a carga que chegou ao Brasil est\u00e1 aguardando parecer da OPAS para posterior libera\u00e7\u00e3o da Anvisa. T\u00e3o logo essas doses sejam liberadas para uso, ser\u00e3o distribu\u00eddas aos Estados.<br>&nbsp;<br>A remessa de vacina pentavalente, adquirida por interm\u00e9dio da Organiza\u00e7\u00e3o Pan-Americana da Sa\u00fade (OPAS), foi reprovada em teste de qualidade feitos pelo Instituto Nacional de Controle de Qualidade em Sa\u00fade (INCQS) e an\u00e1lise do Minist\u00e9rio da Sa\u00fade. Por este motivo, as compras com o antigo fornecedor, a indiana Biologicals E. Limited, foram interrompidas pela Organiza\u00e7\u00e3o Mundial da Sa\u00fade (OMS), que pr\u00e9-qualifica os laborat\u00f3rios.<\/em><\/p>\n\n\n\n<p><em>A pasta solicitou a reposi\u00e7\u00e3o do fornecimento \u00e0 OPAS. No entanto, n\u00e3o h\u00e1 disponibilidade imediata da vacina pentavalente no mundo e ela n\u00e3o \u00e9 fabricada no Brasil. Foi feita nova aquisi\u00e7\u00e3o de 6,6 milh\u00f5es de doses e essas vacinas come\u00e7aram a chegar de forma escalonada em agosto no Brasil. Quando os estoques forem normalizados, o Sistema \u00danico de Sa\u00fade far\u00e1 busca ativa pelas crian\u00e7as que completaram dois, quatro ou seis meses de idade, entre os meses de agosto e novembro, para vacin\u00e1-las.<\/em><\/p>\n\n\n\n<p><em>A distribui\u00e7\u00e3o de todas as vacinas nos munic\u00edpios \u00e9 de compet\u00eancia das Secretarias de Sa\u00fade dos Estados. Os pais que por ventura n\u00e3o conseguiram vacinar seus filhos devem procurar as salas de vacina\u00e7\u00e3o nos munic\u00edpios e programarem a vacina\u00e7\u00e3o das crian\u00e7as, conforme o cronograma de imuniza\u00e7\u00e3o. O funcionamento das salas de vacina\u00e7\u00e3o \u00e9 responsabilidade dos munic\u00edpios.&#8221;<\/em><\/p>\n","protected":false},"excerpt":{"rendered":"<p>Ap\u00f3s den\u00fancias de m\u00e3es que estariam tendo que pagar para vacinar seus beb\u00eas por falta da vacina pentavalente nos postos de sa\u00fade da Para\u00edba, o&hellip; <\/p>\n","protected":false},"author":1,"featured_media":102690,"comment_status":"closed","ping_status":"closed","sticky":false,"template":"","format":"standard","meta":{"sfsi_plus_gutenberg_text_before_share":"","sfsi_plus_gutenberg_show_text_before_share":"","sfsi_plus_gutenberg_icon_type":"","sfsi_plus_gutenberg_icon_alignemt":"","sfsi_plus_gutenburg_max_per_row":"","footnotes":""},"categories":[50,16],"tags":[],"class_list":["post-142166","post","type-post","status-publish","format-standard","has-post-thumbnail","hentry","category-destaque","category-saude"],"_links":{"self":[{"href":"https:\/\/www.caririemacao.com\/1\/wp-json\/wp\/v2\/posts\/142166","targetHints":{"allow":["GET"]}}],"collection":[{"href":"https:\/\/www.caririemacao.com\/1\/wp-json\/wp\/v2\/posts"}],"about":[{"href":"https:\/\/www.caririemacao.com\/1\/wp-json\/wp\/v2\/types\/post"}],"author":[{"embeddable":true,"href":"https:\/\/www.caririemacao.com\/1\/wp-json\/wp\/v2\/users\/1"}],"replies":[{"embeddable":true,"href":"https:\/\/www.caririemacao.com\/1\/wp-json\/wp\/v2\/comments?post=142166"}],"version-history":[{"count":1,"href":"https:\/\/www.caririemacao.com\/1\/wp-json\/wp\/v2\/posts\/142166\/revisions"}],"predecessor-version":[{"id":142167,"href":"https:\/\/www.caririemacao.com\/1\/wp-json\/wp\/v2\/posts\/142166\/revisions\/142167"}],"wp:featuredmedia":[{"embeddable":true,"href":"https:\/\/www.caririemacao.com\/1\/wp-json\/wp\/v2\/media\/102690"}],"wp:attachment":[{"href":"https:\/\/www.caririemacao.com\/1\/wp-json\/wp\/v2\/media?parent=142166"}],"wp:term":[{"taxonomy":"category","embeddable":true,"href":"https:\/\/www.caririemacao.com\/1\/wp-json\/wp\/v2\/categories?post=142166"},{"taxonomy":"post_tag","embeddable":true,"href":"https:\/\/www.caririemacao.com\/1\/wp-json\/wp\/v2\/tags?post=142166"}],"curies":[{"name":"wp","href":"https:\/\/api.w.org\/{rel}","templated":true}]}}