{"id":142170,"date":"2019-12-21T10:34:24","date_gmt":"2019-12-21T13:34:24","guid":{"rendered":"http:\/\/www.caririemacao.com\/1\/?p=142170"},"modified":"2019-12-21T10:34:24","modified_gmt":"2019-12-21T13:34:24","slug":"joao-azevedo-exonera-secretaria-executiva-do-esporte-e-gestores-do-iphaep-sudema-e-outros","status":"publish","type":"post","link":"https:\/\/www.caririemacao.com\/1\/2019\/12\/21\/joao-azevedo-exonera-secretaria-executiva-do-esporte-e-gestores-do-iphaep-sudema-e-outros\/","title":{"rendered":"Jo\u00e3o Azev\u00eado exonera secret\u00e1ria executiva do Esporte e gestores do Iphaep, Sudema e outros"},"content":{"rendered":"\n<p>O governador&nbsp;Jo\u00e3o Azevedo (sem partido) exonerou&nbsp;v\u00e1rios auxiliares na manh\u00e3 deste s\u00e1bado. A decis\u00e3o foi publicado no Di\u00e1rio Oficial (21).<\/p>\n\n\n\n<p>Confira a lista dos exonerados:<\/p>\n\n\n\n<p>A diretora executiva do Instituto do Patrim\u00f4nio Hist\u00f3rico e Art\u00edstico do Estado da Para\u00edba (Iphaep), Cassandra Figueiredo; o coordenador adjunto da Comiss\u00e3o Permanente de Desenvolvimento do Centro Hist\u00f3rico de Jo\u00e3o Pessoa do Iphaep, Thyago Henriques de Oliveira Madruga Freire; a secret\u00e1ria executiva de Juventude da Secretaria de Estado da Juventude, Esporte e Lazer, Priscilla Gomes de Ara\u00fajo; al\u00e9m do superintendente da Superintend\u00eancia de Administra\u00e7\u00e3o do Meio Ambiente, Ann\u00edbal Peixoto Neto; e a Superintendente da Escola de Servi\u00e7o P\u00fablico do Estado da Para\u00edba, Luciane Alves Coutinho. O advogado Diego Lima, que ocupava uma assessoria na Secretaria de Comunica\u00e7\u00e3o do Governo do Estado tamb\u00e9m foi exonerado pelo governador.<br><\/p>\n\n\n\n<p>Confira os atos:<\/p>\n\n\n\n<figure class=\"wp-block-image\"><img decoding=\"async\" data-src=\"https:\/\/www.clickpb.com.br\/media\/filer_public\/e0\/66\/e0664098-4063-499a-b02c-acd32d27b3c9\/exonera2112.jpg\" alt=\"\" src=\"data:image\/svg+xml;base64,PHN2ZyB3aWR0aD0iMSIgaGVpZ2h0PSIxIiB4bWxucz0iaHR0cDovL3d3dy53My5vcmcvMjAwMC9zdmciPjwvc3ZnPg==\" class=\"lazyload\" \/><\/figure>\n\n\n\n<figure class=\"wp-block-image\"><img decoding=\"async\" data-src=\"https:\/\/www.clickpb.com.br\/media\/filer_public\/18\/68\/18685ec5-72c8-4a65-bec4-59b49cb42b40\/exonera21121.jpg\" alt=\"\" src=\"data:image\/svg+xml;base64,PHN2ZyB3aWR0aD0iMSIgaGVpZ2h0PSIxIiB4bWxucz0iaHR0cDovL3d3dy53My5vcmcvMjAwMC9zdmciPjwvc3ZnPg==\" class=\"lazyload\" \/><\/figure>\n","protected":false},"excerpt":{"rendered":"<p>O governador&nbsp;Jo\u00e3o Azevedo (sem partido) exonerou&nbsp;v\u00e1rios auxiliares na manh\u00e3 deste s\u00e1bado. A decis\u00e3o foi publicado no Di\u00e1rio Oficial (21). Confira a lista dos exonerados: A&hellip; <\/p>\n","protected":false},"author":1,"featured_media":124170,"comment_status":"closed","ping_status":"closed","sticky":false,"template":"","format":"standard","meta":{"sfsi_plus_gutenberg_text_before_share":"","sfsi_plus_gutenberg_show_text_before_share":"","sfsi_plus_gutenberg_icon_type":"","sfsi_plus_gutenberg_icon_alignemt":"","sfsi_plus_gutenburg_max_per_row":"","footnotes":""},"categories":[11],"tags":[],"class_list":["post-142170","post","type-post","status-publish","format-standard","has-post-thumbnail","hentry","category-politica"],"_links":{"self":[{"href":"https:\/\/www.caririemacao.com\/1\/wp-json\/wp\/v2\/posts\/142170","targetHints":{"allow":["GET"]}}],"collection":[{"href":"https:\/\/www.caririemacao.com\/1\/wp-json\/wp\/v2\/posts"}],"about":[{"href":"https:\/\/www.caririemacao.com\/1\/wp-json\/wp\/v2\/types\/post"}],"author":[{"embeddable":true,"href":"https:\/\/www.caririemacao.com\/1\/wp-json\/wp\/v2\/users\/1"}],"replies":[{"embeddable":true,"href":"https:\/\/www.caririemacao.com\/1\/wp-json\/wp\/v2\/comments?post=142170"}],"version-history":[{"count":1,"href":"https:\/\/www.caririemacao.com\/1\/wp-json\/wp\/v2\/posts\/142170\/revisions"}],"predecessor-version":[{"id":142171,"href":"https:\/\/www.caririemacao.com\/1\/wp-json\/wp\/v2\/posts\/142170\/revisions\/142171"}],"wp:featuredmedia":[{"embeddable":true,"href":"https:\/\/www.caririemacao.com\/1\/wp-json\/wp\/v2\/media\/124170"}],"wp:attachment":[{"href":"https:\/\/www.caririemacao.com\/1\/wp-json\/wp\/v2\/media?parent=142170"}],"wp:term":[{"taxonomy":"category","embeddable":true,"href":"https:\/\/www.caririemacao.com\/1\/wp-json\/wp\/v2\/categories?post=142170"},{"taxonomy":"post_tag","embeddable":true,"href":"https:\/\/www.caririemacao.com\/1\/wp-json\/wp\/v2\/tags?post=142170"}],"curies":[{"name":"wp","href":"https:\/\/api.w.org\/{rel}","templated":true}]}}