{"id":142179,"date":"2019-12-21T10:42:29","date_gmt":"2019-12-21T13:42:29","guid":{"rendered":"http:\/\/www.caririemacao.com\/1\/?p=142179"},"modified":"2019-12-21T10:42:29","modified_gmt":"2019-12-21T13:42:29","slug":"com-belissimas-apresentacoes-3a-edicao-da-cantata-natalina-foi-realizada-em-amparo","status":"publish","type":"post","link":"https:\/\/www.caririemacao.com\/1\/2019\/12\/21\/com-belissimas-apresentacoes-3a-edicao-da-cantata-natalina-foi-realizada-em-amparo\/","title":{"rendered":"Com Bel\u00edssimas apresenta\u00e7\u00f5es, 3\u00aa Edi\u00e7\u00e3o da Cantata Natalina foi realizada em Amparo"},"content":{"rendered":"\n<p>Em uma cheia de emo\u00e7\u00f5es, a 3\u00aa Edi\u00e7\u00e3o da Cantata Natalina promovida pela Prefeitura de Amparo, atrav\u00e9s da Secretaria Municipal de Assist\u00eancia e do Servi\u00e7o de Conviv\u00eancia e Fortalecimento de V\u00ednculos atraiu centenas de amparenses na noite dessa sexta-feira (20) para ver o espet\u00e1culo aguardado durante todo o ano.<br>A programa\u00e7\u00e3o foi iniciada por volta das 19h em frente \u00e0 Igreja de S\u00e3o Sebasti\u00e3o.<br><\/p>\n\n\n\n<figure class=\"wp-block-image\"><a href=\"https:\/\/1.bp.blogspot.com\/-6itiX10_3Jk\/Xf37neYwGHI\/AAAAAAABHK0\/rbp5qR4Qcqk727BZh52QnNRkDujJcb4vQCLcBGAsYHQ\/s1600\/CANTATA%2BNATALINA%2B2019%2B%25289%2529.JPG\"><img decoding=\"async\" data-src=\"https:\/\/1.bp.blogspot.com\/-6itiX10_3Jk\/Xf37neYwGHI\/AAAAAAABHK0\/rbp5qR4Qcqk727BZh52QnNRkDujJcb4vQCLcBGAsYHQ\/s640\/CANTATA%2BNATALINA%2B2019%2B%25289%2529.JPG\" alt=\"\" src=\"data:image\/svg+xml;base64,PHN2ZyB3aWR0aD0iMSIgaGVpZ2h0PSIxIiB4bWxucz0iaHR0cDovL3d3dy53My5vcmcvMjAwMC9zdmciPjwvc3ZnPg==\" class=\"lazyload\" \/><\/a><\/figure>\n\n\n\n<p>O evento j\u00e1 se tornou uma marca da gest\u00e3o do prefeito In\u00e1cio N\u00f3brega e era aguardado com muita ansiedade pela popula\u00e7\u00e3o amparense, tendo em vista as belas apresenta\u00e7\u00f5es na \u00e1rea musical e da dan\u00e7a.<br>O prefeito In\u00e1cio esteve presente e abra\u00e7ou todos dizendo que se sentia feliz e realizado ao propiciar um momento m\u00e1gico na vida de todos os Amparenses que acompanharam de perto este espet\u00e1culo feito com carinho e muita organiza\u00e7\u00e3o.<\/p>\n\n\n\n<p>AMPARO LIGADO<\/p>\n","protected":false},"excerpt":{"rendered":"<p>Em uma cheia de emo\u00e7\u00f5es, a 3\u00aa Edi\u00e7\u00e3o da Cantata Natalina promovida pela Prefeitura de Amparo, atrav\u00e9s da Secretaria Municipal de Assist\u00eancia e do Servi\u00e7o&hellip; <\/p>\n","protected":false},"author":1,"featured_media":142180,"comment_status":"closed","ping_status":"closed","sticky":false,"template":"","format":"standard","meta":{"sfsi_plus_gutenberg_text_before_share":"","sfsi_plus_gutenberg_show_text_before_share":"","sfsi_plus_gutenberg_icon_type":"","sfsi_plus_gutenberg_icon_alignemt":"","sfsi_plus_gutenburg_max_per_row":"","footnotes":""},"categories":[6],"tags":[],"class_list":["post-142179","post","type-post","status-publish","format-standard","has-post-thumbnail","hentry","category-cidades"],"_links":{"self":[{"href":"https:\/\/www.caririemacao.com\/1\/wp-json\/wp\/v2\/posts\/142179","targetHints":{"allow":["GET"]}}],"collection":[{"href":"https:\/\/www.caririemacao.com\/1\/wp-json\/wp\/v2\/posts"}],"about":[{"href":"https:\/\/www.caririemacao.com\/1\/wp-json\/wp\/v2\/types\/post"}],"author":[{"embeddable":true,"href":"https:\/\/www.caririemacao.com\/1\/wp-json\/wp\/v2\/users\/1"}],"replies":[{"embeddable":true,"href":"https:\/\/www.caririemacao.com\/1\/wp-json\/wp\/v2\/comments?post=142179"}],"version-history":[{"count":1,"href":"https:\/\/www.caririemacao.com\/1\/wp-json\/wp\/v2\/posts\/142179\/revisions"}],"predecessor-version":[{"id":142181,"href":"https:\/\/www.caririemacao.com\/1\/wp-json\/wp\/v2\/posts\/142179\/revisions\/142181"}],"wp:featuredmedia":[{"embeddable":true,"href":"https:\/\/www.caririemacao.com\/1\/wp-json\/wp\/v2\/media\/142180"}],"wp:attachment":[{"href":"https:\/\/www.caririemacao.com\/1\/wp-json\/wp\/v2\/media?parent=142179"}],"wp:term":[{"taxonomy":"category","embeddable":true,"href":"https:\/\/www.caririemacao.com\/1\/wp-json\/wp\/v2\/categories?post=142179"},{"taxonomy":"post_tag","embeddable":true,"href":"https:\/\/www.caririemacao.com\/1\/wp-json\/wp\/v2\/tags?post=142179"}],"curies":[{"name":"wp","href":"https:\/\/api.w.org\/{rel}","templated":true}]}}