{"id":142186,"date":"2019-12-21T10:46:38","date_gmt":"2019-12-21T13:46:38","guid":{"rendered":"http:\/\/www.caririemacao.com\/1\/?p=142186"},"modified":"2019-12-21T10:46:38","modified_gmt":"2019-12-21T13:46:38","slug":"prefeito-de-caraubas-reune-equipe-da-gestao-e-setores-da-imprensa-em-confraternizacao-de-natal","status":"publish","type":"post","link":"https:\/\/www.caririemacao.com\/1\/2019\/12\/21\/prefeito-de-caraubas-reune-equipe-da-gestao-e-setores-da-imprensa-em-confraternizacao-de-natal\/","title":{"rendered":"Prefeito de Cara\u00fabas reune equipe da gest\u00e3o e setores da imprensa em confraterniza\u00e7\u00e3o de natal"},"content":{"rendered":"\n<p>O prefeito Silvano Dudu reuniu na noite desta quinta-feira, 19\/12, a equipe da gest\u00e3o p\u00fablica municipal, vereadores da bancada de situa\u00e7\u00e3o e setores da imprensa local e regional em confraterniza\u00e7\u00e3o de Natal no pr\u00e9dio onde funciona a r\u00e1dio Cara\u00fabas FM Web.<\/p>\n\n\n\n<p><br>Foi uma noite diferente, descontra\u00edda e cheia de surpresas. Uma delas foi a participa\u00e7\u00e3o do trio de forro Meteoro da cidade de Campina Grande que veio a convite do jornalista e secret\u00e1rio do Planejamento, Eduardo Belo, para abrilhantar a noite de confraterniza\u00e7\u00e3o de Natal e fim de ano.<\/p>\n\n\n\n<p>Estiveram presentes al\u00e9m do prefeito Silvano Dudu, a primeira dama e vereadora Neide de Assis, o vereador e presidente da C\u00e2mara Municipal de vereadores do munic\u00edpio Nero Soares, o vice-presidente da Casa F\u00e1bio Pereira, os secret\u00e1rios da Educa\u00e7\u00e3o Rhayanne Fernandes, da Sa\u00fade Leonardo Eneas, da Agricultura Rone Feitoza, de Obras P\u00fablicas e Servi\u00e7os Urbanos, Jos\u00e9 Marcelo, das Finan\u00e7as Silvio Fernandes, do Turismo e da Cultura, Silvana Milena, dos Transportes Jos\u00e9 Renivaldo Neves e do Planejamento, Comunica\u00e7\u00e3o e Gest\u00e3o, jornalista Eduardo Belo.<\/p>\n\n\n\n<p><br>Os convidados da imprensa compareceram Bruno Lira e o pr\u00f3prio anfitri\u00e3o jornalista Eduardo Belo da Cara\u00fabas FM Web. Pelo governo do Estado se fez presente Jo\u00e3o Alves da 5\u00ba Regi\u00e3o do Or\u00e7amento Democr\u00e1tico Estadual, al\u00e9m de alguns assessores diretos do munic\u00edpio. Em sua fala de abertura o jornalista Eduardo Belo, agradeceu a presen\u00e7a de todos e registrou as aus\u00eancias dos colegas secret\u00e1rios da Administra\u00e7\u00e3o Nelson Honorato e da Assist\u00eancia Social, Fl\u00e1via Quirino.\u00a0<\/p>\n\n\n\n<p><br>Hoje \u00e9 um dia de festa para que possamos nos confraternizar, afinal tamb\u00e9m somos uma grande fam\u00edlia que formamos a gest\u00e3o p\u00fablica municipal. <\/p>\n\n\n\n<p>S\u00e3o momentos raros como estes que temos ao longo do ano e precisamos tamb\u00e9m parar e celebrar a vida. Fico extremamente feliz de esta participando de uma gest\u00e3o operosa, transparente e atuante em todas as \u00e1reas, disse ele.<\/p>\n\n\n\n<p><br>J\u00e1 o prefeito Silvano Dudu parabenizou toda equipe e destacou a atua\u00e7\u00e3o do secret\u00e1rio do planejamento nas principais a\u00e7\u00f5es do munic\u00edpio.<\/p>\n\n\n\n<p>Tivemos um inicio de gest\u00e3o dif\u00edcil, pensei at\u00e9 em desistir. Mas formamos um time muito bom e que hoje tem uma unidade. Sou feliz e estou muito realizado por ter acertado nas indica\u00e7\u00f5es dessa gest\u00e3o que s\u00f3 tenho orgulho, afirmou ele. <\/p>\n\n\n\n<p>Quero aproveitar para desejar a todos voc\u00eas um Natal de muita sa\u00fade, paz e luz e que o menino Jesus nos traga um ano novo repleto de grandes conquistas e realiza\u00e7\u00f5es, concluiu ele.<\/p>\n\n\n\n<p><\/p>\n\n\n\n<p>Fonte:\u00a0<strong>SEPLACOM<\/strong><br>Foto:\u00a0<strong>Miguel Filho<\/strong><\/p>\n","protected":false},"excerpt":{"rendered":"<p>O prefeito Silvano Dudu reuniu na noite desta quinta-feira, 19\/12, a equipe da gest\u00e3o p\u00fablica municipal, vereadores da bancada de situa\u00e7\u00e3o e setores da imprensa&hellip; <\/p>\n","protected":false},"author":1,"featured_media":142187,"comment_status":"closed","ping_status":"closed","sticky":false,"template":"","format":"standard","meta":{"sfsi_plus_gutenberg_text_before_share":"","sfsi_plus_gutenberg_show_text_before_share":"","sfsi_plus_gutenberg_icon_type":"","sfsi_plus_gutenberg_icon_alignemt":"","sfsi_plus_gutenburg_max_per_row":"","footnotes":""},"categories":[6],"tags":[],"class_list":["post-142186","post","type-post","status-publish","format-standard","has-post-thumbnail","hentry","category-cidades"],"_links":{"self":[{"href":"https:\/\/www.caririemacao.com\/1\/wp-json\/wp\/v2\/posts\/142186","targetHints":{"allow":["GET"]}}],"collection":[{"href":"https:\/\/www.caririemacao.com\/1\/wp-json\/wp\/v2\/posts"}],"about":[{"href":"https:\/\/www.caririemacao.com\/1\/wp-json\/wp\/v2\/types\/post"}],"author":[{"embeddable":true,"href":"https:\/\/www.caririemacao.com\/1\/wp-json\/wp\/v2\/users\/1"}],"replies":[{"embeddable":true,"href":"https:\/\/www.caririemacao.com\/1\/wp-json\/wp\/v2\/comments?post=142186"}],"version-history":[{"count":1,"href":"https:\/\/www.caririemacao.com\/1\/wp-json\/wp\/v2\/posts\/142186\/revisions"}],"predecessor-version":[{"id":142188,"href":"https:\/\/www.caririemacao.com\/1\/wp-json\/wp\/v2\/posts\/142186\/revisions\/142188"}],"wp:featuredmedia":[{"embeddable":true,"href":"https:\/\/www.caririemacao.com\/1\/wp-json\/wp\/v2\/media\/142187"}],"wp:attachment":[{"href":"https:\/\/www.caririemacao.com\/1\/wp-json\/wp\/v2\/media?parent=142186"}],"wp:term":[{"taxonomy":"category","embeddable":true,"href":"https:\/\/www.caririemacao.com\/1\/wp-json\/wp\/v2\/categories?post=142186"},{"taxonomy":"post_tag","embeddable":true,"href":"https:\/\/www.caririemacao.com\/1\/wp-json\/wp\/v2\/tags?post=142186"}],"curies":[{"name":"wp","href":"https:\/\/api.w.org\/{rel}","templated":true}]}}