{"id":142197,"date":"2019-12-21T10:55:19","date_gmt":"2019-12-21T13:55:19","guid":{"rendered":"http:\/\/www.caririemacao.com\/1\/?p=142197"},"modified":"2019-12-21T10:55:19","modified_gmt":"2019-12-21T13:55:19","slug":"governo-libera-r64-milhoes-para-operacao-pipa-na-paraiba","status":"publish","type":"post","link":"https:\/\/www.caririemacao.com\/1\/2019\/12\/21\/governo-libera-r64-milhoes-para-operacao-pipa-na-paraiba\/","title":{"rendered":"Governo libera R$6,4 milh\u00f5es para Opera\u00e7\u00e3o Pipa na Para\u00edba"},"content":{"rendered":"\n<figure class=\"wp-block-image\"><img decoding=\"async\" data-src=\"http:\/\/caririligado.com.br\/wp-content\/themes\/cariri-ligado\/timthumb.php?src=http:\/\/caririligado.com.br\/wp-content\/uploads\/2019\/12\/5DB36446-DD6C-478C-B020-81FF60E16203.jpeg&amp;w=547&amp;h=398&amp;zc=1\" alt=\"Prefeitura de Camala\u00fa antecipa pagamento de sal\u00e1rios a servidores municipais\" src=\"data:image\/svg+xml;base64,PHN2ZyB3aWR0aD0iMSIgaGVpZ2h0PSIxIiB4bWxucz0iaHR0cDovL3d3dy53My5vcmcvMjAwMC9zdmciPjwvc3ZnPg==\" class=\"lazyload\" \/><\/figure>\n\n\n\n<p>A Para\u00edba vai receber R$ 6,4 milh\u00f5es da A Secretaria Nacional de Prote\u00e7\u00e3o e Defesa Civil (Sedec), do Minist\u00e9rio do Desenvolvimento Regional (MDR). O repasse \u00e9 necess\u00e1rio para solucionar os problemas causados pela estiagem que afeta munic\u00edpios do Estado.<\/p>\n\n\n\n<p>O recurso ser\u00e1 utilizado para o fornecimento de \u00e1gua pot\u00e1vel, por meio da contrata\u00e7\u00e3o de carros-pipa. A Portaria com detalhes do repasse de recursos foi publicada na edi\u00e7\u00e3o desta sexta-feira (20) do Di\u00e1rio Oficial da Uni\u00e3o.<\/p>\n\n\n\n<p>Para receber aux\u00edlio emergencial da Sedec, estados e munic\u00edpios precisam obter o reconhecimento federal de situa\u00e7\u00e3o de emerg\u00eancia ou calamidade p\u00fablica, deferido pelo Governo Federal ap\u00f3s a an\u00e1lise do decreto estadual, que deve atender aos crit\u00e9rios exigidos pela\u00a0<a href=\"http:\/\/www.in.gov.br\/materia\/-\/asset_publisher\/Kujrw0TZC2Mb\/content\/id\/24789597\/do1-2016-12-22-instrucao-normativa-n-2-de-20-de-dezembro-de-2016--24789506\">Instru\u00e7\u00e3o Normativa n\u00ba 2\/2016<\/a>. Prefeituras e governos tamb\u00e9m devem apresentar o diagn\u00f3stico dos danos e um plano de trabalho para execu\u00e7\u00e3o das a\u00e7\u00f5es.<\/p>\n","protected":false},"excerpt":{"rendered":"<p>A Para\u00edba vai receber R$ 6,4 milh\u00f5es da A Secretaria Nacional de Prote\u00e7\u00e3o e Defesa Civil (Sedec), do Minist\u00e9rio do Desenvolvimento Regional (MDR). O repasse&hellip; <\/p>\n","protected":false},"author":1,"featured_media":52513,"comment_status":"closed","ping_status":"closed","sticky":false,"template":"","format":"standard","meta":{"sfsi_plus_gutenberg_text_before_share":"","sfsi_plus_gutenberg_show_text_before_share":"","sfsi_plus_gutenberg_icon_type":"","sfsi_plus_gutenberg_icon_alignemt":"","sfsi_plus_gutenburg_max_per_row":"","footnotes":""},"categories":[11],"tags":[],"class_list":["post-142197","post","type-post","status-publish","format-standard","has-post-thumbnail","hentry","category-politica"],"_links":{"self":[{"href":"https:\/\/www.caririemacao.com\/1\/wp-json\/wp\/v2\/posts\/142197","targetHints":{"allow":["GET"]}}],"collection":[{"href":"https:\/\/www.caririemacao.com\/1\/wp-json\/wp\/v2\/posts"}],"about":[{"href":"https:\/\/www.caririemacao.com\/1\/wp-json\/wp\/v2\/types\/post"}],"author":[{"embeddable":true,"href":"https:\/\/www.caririemacao.com\/1\/wp-json\/wp\/v2\/users\/1"}],"replies":[{"embeddable":true,"href":"https:\/\/www.caririemacao.com\/1\/wp-json\/wp\/v2\/comments?post=142197"}],"version-history":[{"count":1,"href":"https:\/\/www.caririemacao.com\/1\/wp-json\/wp\/v2\/posts\/142197\/revisions"}],"predecessor-version":[{"id":142198,"href":"https:\/\/www.caririemacao.com\/1\/wp-json\/wp\/v2\/posts\/142197\/revisions\/142198"}],"wp:featuredmedia":[{"embeddable":true,"href":"https:\/\/www.caririemacao.com\/1\/wp-json\/wp\/v2\/media\/52513"}],"wp:attachment":[{"href":"https:\/\/www.caririemacao.com\/1\/wp-json\/wp\/v2\/media?parent=142197"}],"wp:term":[{"taxonomy":"category","embeddable":true,"href":"https:\/\/www.caririemacao.com\/1\/wp-json\/wp\/v2\/categories?post=142197"},{"taxonomy":"post_tag","embeddable":true,"href":"https:\/\/www.caririemacao.com\/1\/wp-json\/wp\/v2\/tags?post=142197"}],"curies":[{"name":"wp","href":"https:\/\/api.w.org\/{rel}","templated":true}]}}