{"id":142222,"date":"2019-12-21T14:34:36","date_gmt":"2019-12-21T17:34:36","guid":{"rendered":"http:\/\/www.caririemacao.com\/1\/?p=142222"},"modified":"2019-12-21T14:34:36","modified_gmt":"2019-12-21T17:34:36","slug":"prefeito-de-uirauna-guarda-dinheiro-de-propina-na-cueca-veja-imagens","status":"publish","type":"post","link":"https:\/\/www.caririemacao.com\/1\/2019\/12\/21\/prefeito-de-uirauna-guarda-dinheiro-de-propina-na-cueca-veja-imagens\/","title":{"rendered":"Prefeito de Uira\u00fana guarda dinheiro de propina na cueca; veja imagens"},"content":{"rendered":"\n<p>O prefeito de Uira\u00fana, Jo\u00e3o Bosco Nonato Fernandes (PSDB), preso durante a\u00a0Opera\u00e7\u00e3o P\u00e9s de Barro na manh\u00e3 deste s\u00e1bado (21), foi filmado pela Pol\u00edcia Federal (PF) recebendo propina em dinheiro e colocando na cueca. Segundo a PF, esse dinheiro seria para o deputado Wilson Santiago.<\/p>\n\n\n\n<p>As investiga\u00e7\u00f5es apuram pagamentos de vantagens il\u00edcitas (\u201cpropina\u201d) decorrentes do superfaturamento das obras de constru\u00e7\u00e3o da \u201cAdutora Capivara\u201d, a qual se trata de um sistema adutor que deve se estender do munic\u00edpio de S\u00e3o Jos\u00e9 do Rio do Peixe\/PB ao munic\u00edpio de Uira\u00fana\/PB, no Sert\u00e3o da Para\u00edba.&nbsp; &nbsp;<\/p>\n\n\n\n<p>As obras contratadas, inicialmente, pelo montante de R$ 24.807.032,95 j\u00e1 teriam permitido, de acordo com as investiga\u00e7\u00f5es, a distribui\u00e7\u00e3o de propinas no valor R$ 1.266.050,67.<\/p>\n\n\n\n<figure class=\"wp-block-image\"><img decoding=\"async\" data-src=\"https:\/\/www.clickpb.com.br\/media\/filer_public\/3c\/f9\/3cf96a5c-ec61-437c-8574-84a18f024657\/prefeito_de_uirauna_com_dinheiro_na_cueca.jpeg\" alt=\"\" src=\"data:image\/svg+xml;base64,PHN2ZyB3aWR0aD0iMSIgaGVpZ2h0PSIxIiB4bWxucz0iaHR0cDovL3d3dy53My5vcmcvMjAwMC9zdmciPjwvc3ZnPg==\" class=\"lazyload\" \/><\/figure>\n","protected":false},"excerpt":{"rendered":"<p>O prefeito de Uira\u00fana, Jo\u00e3o Bosco Nonato Fernandes (PSDB), preso durante a\u00a0Opera\u00e7\u00e3o P\u00e9s de Barro na manh\u00e3 deste s\u00e1bado (21), foi filmado pela Pol\u00edcia Federal&hellip; <\/p>\n","protected":false},"author":1,"featured_media":142223,"comment_status":"closed","ping_status":"closed","sticky":false,"template":"","format":"standard","meta":{"sfsi_plus_gutenberg_text_before_share":"","sfsi_plus_gutenberg_show_text_before_share":"","sfsi_plus_gutenberg_icon_type":"","sfsi_plus_gutenberg_icon_alignemt":"","sfsi_plus_gutenburg_max_per_row":"","footnotes":""},"categories":[12],"tags":[],"class_list":["post-142222","post","type-post","status-publish","format-standard","has-post-thumbnail","hentry","category-policia"],"_links":{"self":[{"href":"https:\/\/www.caririemacao.com\/1\/wp-json\/wp\/v2\/posts\/142222","targetHints":{"allow":["GET"]}}],"collection":[{"href":"https:\/\/www.caririemacao.com\/1\/wp-json\/wp\/v2\/posts"}],"about":[{"href":"https:\/\/www.caririemacao.com\/1\/wp-json\/wp\/v2\/types\/post"}],"author":[{"embeddable":true,"href":"https:\/\/www.caririemacao.com\/1\/wp-json\/wp\/v2\/users\/1"}],"replies":[{"embeddable":true,"href":"https:\/\/www.caririemacao.com\/1\/wp-json\/wp\/v2\/comments?post=142222"}],"version-history":[{"count":1,"href":"https:\/\/www.caririemacao.com\/1\/wp-json\/wp\/v2\/posts\/142222\/revisions"}],"predecessor-version":[{"id":142224,"href":"https:\/\/www.caririemacao.com\/1\/wp-json\/wp\/v2\/posts\/142222\/revisions\/142224"}],"wp:featuredmedia":[{"embeddable":true,"href":"https:\/\/www.caririemacao.com\/1\/wp-json\/wp\/v2\/media\/142223"}],"wp:attachment":[{"href":"https:\/\/www.caririemacao.com\/1\/wp-json\/wp\/v2\/media?parent=142222"}],"wp:term":[{"taxonomy":"category","embeddable":true,"href":"https:\/\/www.caririemacao.com\/1\/wp-json\/wp\/v2\/categories?post=142222"},{"taxonomy":"post_tag","embeddable":true,"href":"https:\/\/www.caririemacao.com\/1\/wp-json\/wp\/v2\/tags?post=142222"}],"curies":[{"name":"wp","href":"https:\/\/api.w.org\/{rel}","templated":true}]}}