{"id":142231,"date":"2019-12-21T14:38:00","date_gmt":"2019-12-21T17:38:00","guid":{"rendered":"http:\/\/www.caririemacao.com\/1\/?p=142231"},"modified":"2019-12-21T14:38:00","modified_gmt":"2019-12-21T17:38:00","slug":"parecer-do-mpf-pede-manutencao-da-prisao-do-ex-governador-ricardo-coutinho","status":"publish","type":"post","link":"https:\/\/www.caririemacao.com\/1\/2019\/12\/21\/parecer-do-mpf-pede-manutencao-da-prisao-do-ex-governador-ricardo-coutinho\/","title":{"rendered":"Parecer do MPF pede manuten\u00e7\u00e3o da pris\u00e3o do ex-governador Ricardo Coutinho"},"content":{"rendered":"\n<p>Um parecer do Minist\u00e9rio P\u00fablico Federal (MPF), que recomenda a manuten\u00e7\u00e3o da pris\u00e3o de Ricardo Coutinho, foi juntado ao pedido de Habeas Corpus do ex-governador, que tramita no Superior Tribunal de Justi\u00e7a (STJ). O parecer foi protocolado por volta do meio-dia deste s\u00e1bado (21).<\/p>\n\n\n\n<p>O pedido de Habeas Corpus do ex-governador Ricardo Coutinho, foi distribu\u00eddo para o ministro Napole\u00e3o Nunes Maia Filho na noite desta sexta-feira (20), ap\u00f3s o presidente do STJ, ministro Jos\u00e9 Ot\u00e1vio de Noronha, que recebeu o processo primeiro, ter declarado suspei\u00e7\u00e3o ou impedimento para julgar.<\/p>\n\n\n\n<figure class=\"wp-block-image\"><img decoding=\"async\" data-src=\"https:\/\/www.clickpb.com.br\/media\/filer_public\/f6\/ee\/f6ee4fba-1262-4d83-92f1-24597ba2ea25\/whatsapp_image_2019-12-21_at_123821.jpeg\" alt=\"\" src=\"data:image\/svg+xml;base64,PHN2ZyB3aWR0aD0iMSIgaGVpZ2h0PSIxIiB4bWxucz0iaHR0cDovL3d3dy53My5vcmcvMjAwMC9zdmciPjwvc3ZnPg==\" class=\"lazyload\" \/><\/figure>\n\n\n\n<figure class=\"wp-block-image\"><img decoding=\"async\" data-src=\"https:\/\/www.clickpb.com.br\/media\/filer_public\/5c\/cf\/5ccfc039-d08f-4564-9134-994a00772940\/screenshot_2019-12-21_stj_-_consulta_processual.png\" alt=\"\" src=\"data:image\/svg+xml;base64,PHN2ZyB3aWR0aD0iMSIgaGVpZ2h0PSIxIiB4bWxucz0iaHR0cDovL3d3dy53My5vcmcvMjAwMC9zdmciPjwvc3ZnPg==\" class=\"lazyload\" \/><\/figure>\n","protected":false},"excerpt":{"rendered":"<p>Um parecer do Minist\u00e9rio P\u00fablico Federal (MPF), que recomenda a manuten\u00e7\u00e3o da pris\u00e3o de Ricardo Coutinho, foi juntado ao pedido de Habeas Corpus do ex-governador,&hellip; <\/p>\n","protected":false},"author":1,"featured_media":142232,"comment_status":"closed","ping_status":"closed","sticky":false,"template":"","format":"standard","meta":{"sfsi_plus_gutenberg_text_before_share":"","sfsi_plus_gutenberg_show_text_before_share":"","sfsi_plus_gutenberg_icon_type":"","sfsi_plus_gutenberg_icon_alignemt":"","sfsi_plus_gutenburg_max_per_row":"","footnotes":""},"categories":[11],"tags":[],"class_list":["post-142231","post","type-post","status-publish","format-standard","has-post-thumbnail","hentry","category-politica"],"_links":{"self":[{"href":"https:\/\/www.caririemacao.com\/1\/wp-json\/wp\/v2\/posts\/142231","targetHints":{"allow":["GET"]}}],"collection":[{"href":"https:\/\/www.caririemacao.com\/1\/wp-json\/wp\/v2\/posts"}],"about":[{"href":"https:\/\/www.caririemacao.com\/1\/wp-json\/wp\/v2\/types\/post"}],"author":[{"embeddable":true,"href":"https:\/\/www.caririemacao.com\/1\/wp-json\/wp\/v2\/users\/1"}],"replies":[{"embeddable":true,"href":"https:\/\/www.caririemacao.com\/1\/wp-json\/wp\/v2\/comments?post=142231"}],"version-history":[{"count":1,"href":"https:\/\/www.caririemacao.com\/1\/wp-json\/wp\/v2\/posts\/142231\/revisions"}],"predecessor-version":[{"id":142233,"href":"https:\/\/www.caririemacao.com\/1\/wp-json\/wp\/v2\/posts\/142231\/revisions\/142233"}],"wp:featuredmedia":[{"embeddable":true,"href":"https:\/\/www.caririemacao.com\/1\/wp-json\/wp\/v2\/media\/142232"}],"wp:attachment":[{"href":"https:\/\/www.caririemacao.com\/1\/wp-json\/wp\/v2\/media?parent=142231"}],"wp:term":[{"taxonomy":"category","embeddable":true,"href":"https:\/\/www.caririemacao.com\/1\/wp-json\/wp\/v2\/categories?post=142231"},{"taxonomy":"post_tag","embeddable":true,"href":"https:\/\/www.caririemacao.com\/1\/wp-json\/wp\/v2\/tags?post=142231"}],"curies":[{"name":"wp","href":"https:\/\/api.w.org\/{rel}","templated":true}]}}