{"id":142235,"date":"2019-12-21T15:40:45","date_gmt":"2019-12-21T18:40:45","guid":{"rendered":"http:\/\/www.caririemacao.com\/1\/?p=142235"},"modified":"2019-12-21T15:40:45","modified_gmt":"2019-12-21T18:40:45","slug":"ministro-do-stj-determina-soltura-imediata-de-ricardo-coutinho","status":"publish","type":"post","link":"https:\/\/www.caririemacao.com\/1\/2019\/12\/21\/ministro-do-stj-determina-soltura-imediata-de-ricardo-coutinho\/","title":{"rendered":"Ministro do STJ determina \u2018soltura imediata\u2019 de Ricardo Coutinho"},"content":{"rendered":"\n<p>O ministro do Superior Tribunal de Justi\u00e7a, Napole\u00e3o Maia, determinou a \u201csoltura imediata\u201d do ex-governador Ricardo Coutinho (PSB).<\/p>\n\n\n\n<p>Al\u00e9m do ex-governador tamb\u00e9m tiveram pedidos de habeas corpus deferidos os investigados David Clemente Correia, Cl\u00e1udia Veras e Francisco das Chagas Pereira.<\/p>\n\n\n\n<p>\u201cDefiro o pedido de medida liminar neste HC, para ordenar, como ordeno, que o paciente RICARDO VIEIRA COUTINHO seja, imediatamente, posto em liberdade, sem preju\u00edzo do tr\u00e2mite do processo penal a que se acha submetido, sobre cujo m\u00e9rito n\u00e3o emito, neste azo, nenhum ju\u00edzo. 19.De pronto, destaco que se aplica a extens\u00e3o dos efeitos da presente concess\u00e3o aos pacientes dos HCs n. 554.374, 554.392 e 554.036, por for\u00e7a do art. 580 do C\u00f3digo de Processo Penal, o que determino desde j\u00e1. 20. Soltura imediata dos pacientes, neste e nos demais HCs mencionados no item 19 desta decis\u00e3o, a ser feita mediante expedi\u00e7\u00e3o de alvar\u00e1 de soltura pelo egr\u00e9gio Tribunal de Justi\u00e7a impetrado\u201d, diz a decis\u00e3o que libertou o ex-governador.<\/p>\n\n\n\n<p>Ricardo foi preso na \u00faltima quinta-feira (20) pela Pol\u00edcia Federal. Ele \u00e9 apontado pelo Minist\u00e9rio P\u00fablico como chefe de uma organiza\u00e7\u00e3o criminosa que teria desviado recursos em Contatos com organiza\u00e7\u00f5es sociais.<\/p>\n\n\n\n<p>Hoje, o MPF deu um parecer contr\u00e1rio \u00e0 soltura de Ricardo.<\/p>\n\n\n\n<p><strong>Wallison Bezerra \u2013 MaisPB&nbsp;<\/strong><\/p>\n","protected":false},"excerpt":{"rendered":"<p>O ministro do Superior Tribunal de Justi\u00e7a, Napole\u00e3o Maia, determinou a \u201csoltura imediata\u201d do ex-governador Ricardo Coutinho (PSB). Al\u00e9m do ex-governador tamb\u00e9m tiveram pedidos de&hellip; <\/p>\n","protected":false},"author":1,"featured_media":142237,"comment_status":"closed","ping_status":"closed","sticky":false,"template":"","format":"standard","meta":{"sfsi_plus_gutenberg_text_before_share":"","sfsi_plus_gutenberg_show_text_before_share":"","sfsi_plus_gutenberg_icon_type":"","sfsi_plus_gutenberg_icon_alignemt":"","sfsi_plus_gutenburg_max_per_row":"","footnotes":""},"categories":[11],"tags":[],"class_list":["post-142235","post","type-post","status-publish","format-standard","has-post-thumbnail","hentry","category-politica"],"_links":{"self":[{"href":"https:\/\/www.caririemacao.com\/1\/wp-json\/wp\/v2\/posts\/142235","targetHints":{"allow":["GET"]}}],"collection":[{"href":"https:\/\/www.caririemacao.com\/1\/wp-json\/wp\/v2\/posts"}],"about":[{"href":"https:\/\/www.caririemacao.com\/1\/wp-json\/wp\/v2\/types\/post"}],"author":[{"embeddable":true,"href":"https:\/\/www.caririemacao.com\/1\/wp-json\/wp\/v2\/users\/1"}],"replies":[{"embeddable":true,"href":"https:\/\/www.caririemacao.com\/1\/wp-json\/wp\/v2\/comments?post=142235"}],"version-history":[{"count":1,"href":"https:\/\/www.caririemacao.com\/1\/wp-json\/wp\/v2\/posts\/142235\/revisions"}],"predecessor-version":[{"id":142238,"href":"https:\/\/www.caririemacao.com\/1\/wp-json\/wp\/v2\/posts\/142235\/revisions\/142238"}],"wp:featuredmedia":[{"embeddable":true,"href":"https:\/\/www.caririemacao.com\/1\/wp-json\/wp\/v2\/media\/142237"}],"wp:attachment":[{"href":"https:\/\/www.caririemacao.com\/1\/wp-json\/wp\/v2\/media?parent=142235"}],"wp:term":[{"taxonomy":"category","embeddable":true,"href":"https:\/\/www.caririemacao.com\/1\/wp-json\/wp\/v2\/categories?post=142235"},{"taxonomy":"post_tag","embeddable":true,"href":"https:\/\/www.caririemacao.com\/1\/wp-json\/wp\/v2\/tags?post=142235"}],"curies":[{"name":"wp","href":"https:\/\/api.w.org\/{rel}","templated":true}]}}