{"id":142250,"date":"2019-12-22T07:30:04","date_gmt":"2019-12-22T10:30:04","guid":{"rendered":"http:\/\/www.caririemacao.com\/1\/?p=142250"},"modified":"2019-12-22T08:12:58","modified_gmt":"2019-12-22T11:12:58","slug":"forro-de-luto-morre-dejinha-de-monteiro","status":"publish","type":"post","link":"https:\/\/www.caririemacao.com\/1\/2019\/12\/22\/forro-de-luto-morre-dejinha-de-monteiro\/","title":{"rendered":"FORR\u00d3 DE LUTO: Morre Dejinha de Monteiro"},"content":{"rendered":"\n<p>Ap\u00f3s passar por cirurgias e se  tratando de um c\u00e2ncer no intestino , o cantor e compositor  Geneci Bispo Louren\u00e7o, o \u201cDejinha de Monteiro\u201d, chegou a falecer na manh\u00e3 deste domingo, dia 22, na capital Jo\u00e3o Pessoa.<\/p>\n\n\n\n<p>A confirma\u00e7\u00e3o partiu de sua fam\u00edlia. Mais informa\u00e7\u00f5es a qualquer momento.  O sepultamento ainda n\u00e3o foi divulgado pela fam\u00edlia. <\/p>\n\n\n\n<p>Ele nasceu em 1952 na cidade de Monteiro, Cariri do Estado da Para\u00edba.<\/p>\n","protected":false},"excerpt":{"rendered":"<p>Ap\u00f3s passar por cirurgias e se tratando de um c\u00e2ncer no intestino , o cantor e compositor Geneci Bispo Louren\u00e7o, o \u201cDejinha de Monteiro\u201d, chegou&hellip; <\/p>\n","protected":false},"author":2,"featured_media":142251,"comment_status":"closed","ping_status":"closed","sticky":false,"template":"","format":"standard","meta":{"sfsi_plus_gutenberg_text_before_share":"","sfsi_plus_gutenberg_show_text_before_share":"","sfsi_plus_gutenberg_icon_type":"","sfsi_plus_gutenberg_icon_alignemt":"","sfsi_plus_gutenburg_max_per_row":"","footnotes":""},"categories":[50,2],"tags":[],"class_list":["post-142250","post","type-post","status-publish","format-standard","has-post-thumbnail","hentry","category-destaque","category-geral"],"_links":{"self":[{"href":"https:\/\/www.caririemacao.com\/1\/wp-json\/wp\/v2\/posts\/142250","targetHints":{"allow":["GET"]}}],"collection":[{"href":"https:\/\/www.caririemacao.com\/1\/wp-json\/wp\/v2\/posts"}],"about":[{"href":"https:\/\/www.caririemacao.com\/1\/wp-json\/wp\/v2\/types\/post"}],"author":[{"embeddable":true,"href":"https:\/\/www.caririemacao.com\/1\/wp-json\/wp\/v2\/users\/2"}],"replies":[{"embeddable":true,"href":"https:\/\/www.caririemacao.com\/1\/wp-json\/wp\/v2\/comments?post=142250"}],"version-history":[{"count":2,"href":"https:\/\/www.caririemacao.com\/1\/wp-json\/wp\/v2\/posts\/142250\/revisions"}],"predecessor-version":[{"id":142253,"href":"https:\/\/www.caririemacao.com\/1\/wp-json\/wp\/v2\/posts\/142250\/revisions\/142253"}],"wp:featuredmedia":[{"embeddable":true,"href":"https:\/\/www.caririemacao.com\/1\/wp-json\/wp\/v2\/media\/142251"}],"wp:attachment":[{"href":"https:\/\/www.caririemacao.com\/1\/wp-json\/wp\/v2\/media?parent=142250"}],"wp:term":[{"taxonomy":"category","embeddable":true,"href":"https:\/\/www.caririemacao.com\/1\/wp-json\/wp\/v2\/categories?post=142250"},{"taxonomy":"post_tag","embeddable":true,"href":"https:\/\/www.caririemacao.com\/1\/wp-json\/wp\/v2\/tags?post=142250"}],"curies":[{"name":"wp","href":"https:\/\/api.w.org\/{rel}","templated":true}]}}