{"id":142254,"date":"2019-12-22T09:20:45","date_gmt":"2019-12-22T12:20:45","guid":{"rendered":"http:\/\/www.caririemacao.com\/1\/?p=142254"},"modified":"2019-12-22T09:20:45","modified_gmt":"2019-12-22T12:20:45","slug":"e-dificil-ter-dia-para-ser-feliz-diz-bolsonaro-sobre-vida-na-presidencia","status":"publish","type":"post","link":"https:\/\/www.caririemacao.com\/1\/2019\/12\/22\/e-dificil-ter-dia-para-ser-feliz-diz-bolsonaro-sobre-vida-na-presidencia\/","title":{"rendered":"&#8216;\u00c9 dif\u00edcil ter dia para ser feliz&#8217;, diz Bolsonaro sobre vida na Presid\u00eancia"},"content":{"rendered":"\n<p>A entrevista dada por Jair Bolsonaro na manh\u00e3 deste s\u00e1bado (21) teve origem em um convite feito por ele na v\u00e9spera, a jornalistas, para degustar mangas no Pal\u00e1cio do Alvorada.<br><\/p>\n\n\n\n<p>&#8220;Voc\u00eas v\u00e3o chupar essa manga?&#8221;, perguntou na ocasi\u00e3o, um dia depois de ter feito manifesta\u00e7\u00f5es ofensivas contra rep\u00f3rteres que fizeram questionamentos sobre a opera\u00e7\u00e3o policial contra seu filho Fl\u00e1vio.&nbsp;<\/p>\n\n\n\n<p>A equipe do presidente pediu aos jornalistas para n\u00e3o fazerem perguntas inc\u00f4modas no encontro, o que n\u00e3o foi cumprido.<\/p>\n\n\n\n<p>Na manh\u00e3 deste s\u00e1bado, na chegada ao Pal\u00e1cio da Alvorada, um eleitor do presidente voltou a pedir que a imprensa n\u00e3o abordasse temas delicados e, na sequ\u00eancia, emendou uma amea\u00e7a. &#8220;Voc\u00eas t\u00eam de parar de fazer jornalismo canalha. Espero que tenha manga com veneno.&#8221;<\/p>\n\n\n\n<p>O encontro com Bolsonaro, que vestia uma camisa do Flamengo no dia em que o time disputou a final do Mundial de Clubes, foi realizado na \u00e1rea externa do pal\u00e1cio, pr\u00f3ximo \u00e0 piscina.<\/p>\n\n\n\n<p>O presidente contou que costuma nadar duas vezes por semana e disse que mant\u00e9m o aquecedor desligado para n\u00e3o gastar energia.<\/p>\n\n\n\n<p>Com um aspecto tranquilo, Bolsonaro n\u00e3o se negou a responder perguntas, tratou sobre diferentes temas e contou bastidores do seu primeiro ano \u00e0 frente do Pal\u00e1cio do Planalto. Disse, por exemplo, que tem tido dificuldades em se adaptar \u00e0 vida de presidente.<\/p>\n\n\n\n<p>&#8220;\u00c9 dif\u00edcil ter dia para ser feliz, cara, problemas. A vida \u00e9 sacrificante. Eu estou at\u00e9 feliz de estar com voc\u00eas aqui, porque, geralmente, \u00e9 uma monotonia. \u00c9 uma monotonia no final de semana. Se voc\u00eas n\u00e3o estivessem aqui, eu ia nadar 200 ou 300 metros e ia ao escrit\u00f3rio bolar coisas&#8221;, afirmou.<\/p>\n\n\n\n<p>Bolsonaro disse que sente falta de comer pastel e tomar caldo de cana sem o r\u00edgido protocolo de seguran\u00e7a. Ao sair do Alvorada, ele \u00e9 sempre acompanhado por quatro carros de seguran\u00e7as e uma ambul\u00e2ncia em caso de emerg\u00eancia.<\/p>\n\n\n\n<p>&#8220;\u00c9 chato, n\u00e9, mas eu sei que abuso&#8221;, disse, referindo-se \u00e0s vezes em que andou de motocicleta e de jet ski. &#8220;Eu n\u00e3o fa\u00e7o por populismo. Eu fa\u00e7o porque eu gosto. \u00c9 uma maneira de fazer algo diferente.<\/p>\n\n\n\n<p>Ele disse ainda que admira o estilo do presidente dos Estados Unidos, Donald Trump, e que, nos tr\u00eas encontros que tiveram, foi tratado muito bem pelo americano. Ele reconhece, no entanto, ter um &#8220;linguajar diferente&#8221; ao de outras autoridades.<\/p>\n\n\n\n<p>&#8220;A maneira como ele me trata \u00e9 excepcional, apesar de eu ser uma pessoa tosca na pol\u00edtica. Eu sempre fui do baixo clero.&#8221;<\/p>\n\n\n\n<p>O presidente contou que quase n\u00e3o fala sobre pol\u00edtica quando est\u00e1 junto da fam\u00edlia e que considera positivo que a primeira-dama, Michelle Bolsonaro, quase n\u00e3o toque no tema, j\u00e1 que o assunto ocupa a maior parte do seu tempo. Segundo ele, ela se incomoda quando Bolsonaro promove reuni\u00f5es aos finais de semana.<\/p>\n\n\n\n<p>&#8220;Ela cansou e n\u00e3o fala mais. [Ela puxa a orelha] sobre o ritmo de trabalho, quando trago gente para conversar aqui no s\u00e1bado e no domingo&#8221;, afirmou.<\/p>\n\n\n\n<p>No tempo livre, ele ressaltou que costuma jogar cartas com a sua \u00fanica filha, Laura, de 9 anos. E comentou que, recentemente, ela pediu um novo irm\u00e3o. Ao todo, Bolsonaro tem cinco filhos.<\/p>\n\n\n\n<p>Bolsonaro afirmou ainda n\u00e3o ter tempo de ler livros ou assistir a s\u00e9ries televisivas, mas que acompanha partidas de futebol e programas de not\u00edcias.<\/p>\n\n\n\n<p>Ele citou, por exemplo, entrevista recente do ministro da Economia, Paulo Guedes, para a GloboNews. O canal integra o Grupo Globo, que costuma ser criticado por ele.<br>Neste final de ano, o presidente disse que passar\u00e1 o Natal com familiares em Bras\u00edlia e que pretende apostar R$ 300 na Mega-Sena da Virada. &#8220;S\u00f3 espero que eu n\u00e3o ganhe, sen\u00e3o o presidente da Caixa, Pedro Guimar\u00e3es, ter\u00e1 problemas.&#8221;<\/p>\n\n\n\n<p>Ao todo, o encontro com a imprensa durou pouco mais de duas horas. No final, j\u00e1 dentro do Alvorada, Bolsonaro foi questionado se, assim como relatou seu antecessor Michel Temer, j\u00e1 ouviu barulhos de fantasmas nas depend\u00eancias da resid\u00eancia.<\/p>\n\n\n\n<p>&#8220;N\u00e3o tem ningu\u00e9m arrastando corrente por aqui. Com a minha arma 1.40 do lado da cama, n\u00e3o tem fantasma.&#8221;<br>Apesar de terem servido de pretexto ao encontro, as mangas n\u00e3o foram servidas na entrevista. Apenas \u00e1gua e caf\u00e9.<\/p>\n","protected":false},"excerpt":{"rendered":"<p>A entrevista dada por Jair Bolsonaro na manh\u00e3 deste s\u00e1bado (21) teve origem em um convite feito por ele na v\u00e9spera, a jornalistas, para degustar&hellip; <\/p>\n","protected":false},"author":1,"featured_media":142027,"comment_status":"closed","ping_status":"closed","sticky":false,"template":"","format":"standard","meta":{"sfsi_plus_gutenberg_text_before_share":"","sfsi_plus_gutenberg_show_text_before_share":"","sfsi_plus_gutenberg_icon_type":"","sfsi_plus_gutenberg_icon_alignemt":"","sfsi_plus_gutenburg_max_per_row":"","footnotes":""},"categories":[11],"tags":[],"class_list":["post-142254","post","type-post","status-publish","format-standard","has-post-thumbnail","hentry","category-politica"],"_links":{"self":[{"href":"https:\/\/www.caririemacao.com\/1\/wp-json\/wp\/v2\/posts\/142254","targetHints":{"allow":["GET"]}}],"collection":[{"href":"https:\/\/www.caririemacao.com\/1\/wp-json\/wp\/v2\/posts"}],"about":[{"href":"https:\/\/www.caririemacao.com\/1\/wp-json\/wp\/v2\/types\/post"}],"author":[{"embeddable":true,"href":"https:\/\/www.caririemacao.com\/1\/wp-json\/wp\/v2\/users\/1"}],"replies":[{"embeddable":true,"href":"https:\/\/www.caririemacao.com\/1\/wp-json\/wp\/v2\/comments?post=142254"}],"version-history":[{"count":1,"href":"https:\/\/www.caririemacao.com\/1\/wp-json\/wp\/v2\/posts\/142254\/revisions"}],"predecessor-version":[{"id":142255,"href":"https:\/\/www.caririemacao.com\/1\/wp-json\/wp\/v2\/posts\/142254\/revisions\/142255"}],"wp:featuredmedia":[{"embeddable":true,"href":"https:\/\/www.caririemacao.com\/1\/wp-json\/wp\/v2\/media\/142027"}],"wp:attachment":[{"href":"https:\/\/www.caririemacao.com\/1\/wp-json\/wp\/v2\/media?parent=142254"}],"wp:term":[{"taxonomy":"category","embeddable":true,"href":"https:\/\/www.caririemacao.com\/1\/wp-json\/wp\/v2\/categories?post=142254"},{"taxonomy":"post_tag","embeddable":true,"href":"https:\/\/www.caririemacao.com\/1\/wp-json\/wp\/v2\/tags?post=142254"}],"curies":[{"name":"wp","href":"https:\/\/api.w.org\/{rel}","templated":true}]}}