{"id":142258,"date":"2019-12-22T09:21:59","date_gmt":"2019-12-22T12:21:59","guid":{"rendered":"http:\/\/www.caririemacao.com\/1\/?p=142258"},"modified":"2019-12-22T09:21:59","modified_gmt":"2019-12-22T12:21:59","slug":"morre-sobrinho-de-deputado-estadual-vitima-de-capotamento-em-rodovia-da-paraiba","status":"publish","type":"post","link":"https:\/\/www.caririemacao.com\/1\/2019\/12\/22\/morre-sobrinho-de-deputado-estadual-vitima-de-capotamento-em-rodovia-da-paraiba\/","title":{"rendered":"Morre sobrinho de deputado estadual v\u00edtima de capotamento em rodovia da Para\u00edba"},"content":{"rendered":"\n<p>Morreu na tarde deste s\u00e1bado (21), um homem ap\u00f3s um capotamento, em rodovia localizada entre&nbsp;\u00e0s cidades de S\u00e3o Jos\u00e9 dos Ramos e Itabaiana, na Para\u00edba. De acordo com as primeiras informa\u00e7\u00f5es, Rodolfo Amorim seria sobrinho do deputado Jo\u00e3o Gon\u00e7alves.&nbsp;<\/p>\n\n\n\n<p>O Samu chegou a ser acionado, mas apenas constatou o \u00f3bito.<\/p>\n\n\n\n<p>As causas do acidente n\u00e3o foram divulgadas.<\/p>\n","protected":false},"excerpt":{"rendered":"<p>Morreu na tarde deste s\u00e1bado (21), um homem ap\u00f3s um capotamento, em rodovia localizada entre&nbsp;\u00e0s cidades de S\u00e3o Jos\u00e9 dos Ramos e Itabaiana, na Para\u00edba.&hellip; <\/p>\n","protected":false},"author":1,"featured_media":142259,"comment_status":"closed","ping_status":"closed","sticky":false,"template":"","format":"standard","meta":{"sfsi_plus_gutenberg_text_before_share":"","sfsi_plus_gutenberg_show_text_before_share":"","sfsi_plus_gutenberg_icon_type":"","sfsi_plus_gutenberg_icon_alignemt":"","sfsi_plus_gutenburg_max_per_row":"","footnotes":""},"categories":[12],"tags":[],"class_list":["post-142258","post","type-post","status-publish","format-standard","has-post-thumbnail","hentry","category-policia"],"_links":{"self":[{"href":"https:\/\/www.caririemacao.com\/1\/wp-json\/wp\/v2\/posts\/142258","targetHints":{"allow":["GET"]}}],"collection":[{"href":"https:\/\/www.caririemacao.com\/1\/wp-json\/wp\/v2\/posts"}],"about":[{"href":"https:\/\/www.caririemacao.com\/1\/wp-json\/wp\/v2\/types\/post"}],"author":[{"embeddable":true,"href":"https:\/\/www.caririemacao.com\/1\/wp-json\/wp\/v2\/users\/1"}],"replies":[{"embeddable":true,"href":"https:\/\/www.caririemacao.com\/1\/wp-json\/wp\/v2\/comments?post=142258"}],"version-history":[{"count":1,"href":"https:\/\/www.caririemacao.com\/1\/wp-json\/wp\/v2\/posts\/142258\/revisions"}],"predecessor-version":[{"id":142260,"href":"https:\/\/www.caririemacao.com\/1\/wp-json\/wp\/v2\/posts\/142258\/revisions\/142260"}],"wp:featuredmedia":[{"embeddable":true,"href":"https:\/\/www.caririemacao.com\/1\/wp-json\/wp\/v2\/media\/142259"}],"wp:attachment":[{"href":"https:\/\/www.caririemacao.com\/1\/wp-json\/wp\/v2\/media?parent=142258"}],"wp:term":[{"taxonomy":"category","embeddable":true,"href":"https:\/\/www.caririemacao.com\/1\/wp-json\/wp\/v2\/categories?post=142258"},{"taxonomy":"post_tag","embeddable":true,"href":"https:\/\/www.caririemacao.com\/1\/wp-json\/wp\/v2\/tags?post=142258"}],"curies":[{"name":"wp","href":"https:\/\/api.w.org\/{rel}","templated":true}]}}