{"id":142263,"date":"2019-12-22T09:24:44","date_gmt":"2019-12-22T12:24:44","guid":{"rendered":"http:\/\/www.caririemacao.com\/1\/?p=142263"},"modified":"2019-12-22T09:24:44","modified_gmt":"2019-12-22T12:24:44","slug":"globo-fara-pela-primeira-vez-propaganda-no-sbt","status":"publish","type":"post","link":"https:\/\/www.caririemacao.com\/1\/2019\/12\/22\/globo-fara-pela-primeira-vez-propaganda-no-sbt\/","title":{"rendered":"Globo far\u00e1 pela primeira vez propaganda no SBT"},"content":{"rendered":"\n<p>Os telespectadores que ligarem a TV no SBT entre esta sexta (20) e domingo (22) podem se deparar com uma propaganda inusitada. Pela primeira vez, a Globo vai anunciar um de seus produtos em uma emissora concorrente.<\/p>\n\n\n\n<p>De acordo com o blog Not\u00edcias da TV, a emissora comprou espa\u00e7os nos intervalos de programas como Ratinho, Fofocalizando, Raul Gil, Topa ou N\u00e3o Topa e Eliana, al\u00e9m do telejornal SBT Brasil. O motivo: a s\u00e9rie da Globoplay sobre Hebe Camargo.&nbsp;<\/p>\n\n\n\n<p>A propaganda, dispon\u00edvel no YouTube, mostra o famoso \u201ctoque de cinco segundos\u201d em uma vers\u00e3o \u201ccinco selinhos\u201d, com Hebe, vivida por Andr\u00e9a Beltr\u00e3o.<\/p>\n\n\n\n<p>\u201cHebe \u00e9 um conte\u00fado que mexe com a mem\u00f3ria afetiva das pessoas. O SBT \u00e9 a parte mais importante dessa mem\u00f3ria e n\u00e3o poderia ficar de fora da nossa campanha\u201d, disse Tiago Lessa, diretor de marketing da plataforma, ao blog.&nbsp;<\/p>\n\n\n\n<p>Confira a propaganda que ser\u00e1 veiculada na emissora de Silvio Santos:<\/p>\n\n\n\n<figure><iframe width=\"500\" height=\"281\" data-src=\"https:\/\/www.youtube.com\/embed\/fl6vFRZ26N8\" allowfullscreen=\"\" src=\"data:image\/svg+xml;base64,PHN2ZyB3aWR0aD0iMSIgaGVpZ2h0PSIxIiB4bWxucz0iaHR0cDovL3d3dy53My5vcmcvMjAwMC9zdmciPjwvc3ZnPg==\" class=\"lazyload\" data-load-mode=\"1\"><\/iframe><\/figure>\n","protected":false},"excerpt":{"rendered":"<p>Os telespectadores que ligarem a TV no SBT entre esta sexta (20) e domingo (22) podem se deparar com uma propaganda inusitada. Pela primeira vez,&hellip; <\/p>\n","protected":false},"author":1,"featured_media":142264,"comment_status":"closed","ping_status":"closed","sticky":false,"template":"","format":"standard","meta":{"sfsi_plus_gutenberg_text_before_share":"","sfsi_plus_gutenberg_show_text_before_share":"","sfsi_plus_gutenberg_icon_type":"","sfsi_plus_gutenberg_icon_alignemt":"","sfsi_plus_gutenburg_max_per_row":"","footnotes":""},"categories":[2],"tags":[],"class_list":["post-142263","post","type-post","status-publish","format-standard","has-post-thumbnail","hentry","category-geral"],"_links":{"self":[{"href":"https:\/\/www.caririemacao.com\/1\/wp-json\/wp\/v2\/posts\/142263","targetHints":{"allow":["GET"]}}],"collection":[{"href":"https:\/\/www.caririemacao.com\/1\/wp-json\/wp\/v2\/posts"}],"about":[{"href":"https:\/\/www.caririemacao.com\/1\/wp-json\/wp\/v2\/types\/post"}],"author":[{"embeddable":true,"href":"https:\/\/www.caririemacao.com\/1\/wp-json\/wp\/v2\/users\/1"}],"replies":[{"embeddable":true,"href":"https:\/\/www.caririemacao.com\/1\/wp-json\/wp\/v2\/comments?post=142263"}],"version-history":[{"count":1,"href":"https:\/\/www.caririemacao.com\/1\/wp-json\/wp\/v2\/posts\/142263\/revisions"}],"predecessor-version":[{"id":142265,"href":"https:\/\/www.caririemacao.com\/1\/wp-json\/wp\/v2\/posts\/142263\/revisions\/142265"}],"wp:featuredmedia":[{"embeddable":true,"href":"https:\/\/www.caririemacao.com\/1\/wp-json\/wp\/v2\/media\/142264"}],"wp:attachment":[{"href":"https:\/\/www.caririemacao.com\/1\/wp-json\/wp\/v2\/media?parent=142263"}],"wp:term":[{"taxonomy":"category","embeddable":true,"href":"https:\/\/www.caririemacao.com\/1\/wp-json\/wp\/v2\/categories?post=142263"},{"taxonomy":"post_tag","embeddable":true,"href":"https:\/\/www.caririemacao.com\/1\/wp-json\/wp\/v2\/tags?post=142263"}],"curies":[{"name":"wp","href":"https:\/\/api.w.org\/{rel}","templated":true}]}}