{"id":142278,"date":"2019-12-22T09:35:00","date_gmt":"2019-12-22T12:35:00","guid":{"rendered":"http:\/\/www.caririemacao.com\/1\/?p=142278"},"modified":"2019-12-22T09:35:00","modified_gmt":"2019-12-22T12:35:00","slug":"bolsonaro-quer-elevar-teto-do-imposto-de-renda-para-r-3-mil-por-mes","status":"publish","type":"post","link":"https:\/\/www.caririemacao.com\/1\/2019\/12\/22\/bolsonaro-quer-elevar-teto-do-imposto-de-renda-para-r-3-mil-por-mes\/","title":{"rendered":"Bolsonaro quer elevar teto do Imposto de Renda para R$ 3 mil por m\u00eas"},"content":{"rendered":"\n<p>O presidente Jair Bolsonaro anunciou, que o limite a partir do qual o contribuinte deve declarar no Imposto de Renda Pessoa F\u00edsica (IR) ser\u00e1 elevado. A decis\u00e3o, segundo ele, est\u00e1 na reta final. O teto passaria dos atuais R$ 2.349,98 para R$ 3 mil. Com isso, que ganha at\u00e9 esse valor por m\u00eas, em m\u00e9dia, estaria dispensado de declarar ao Fisco.<\/p>\n\n\n\n<p>&#8220;Est\u00e1 na reta final para ver se a gente passa o limite do Imposto de Renda para R$ 3 mil. O Tostes [Jos\u00e9 Tostes, secret\u00e1rio Especial da Receita Federal], na Receita, que faz as proje\u00e7\u00f5es. Quem paga imposto de renda nessa faixa, quando chega em mar\u00e7o e abril do ano que vem, ele tem nota fiscal, ele recupera tudo de volta. Se a gente pode evitar essa m\u00e3o de obra enorme para a Receita, para o cara que \u00e0s vezes tem que procurar um vizinho, um filho, tem dor de cabe\u00e7a para fazer essa declara\u00e7\u00e3o do imposto de renda, passa o limite para R$ 3 mil. Para mim, o ideal seria R$ 5 mil, mas a\u00ed o impacto \u00e9 muito grande. Mas se t\u00e1 em R$ 2 mil e passa para R$ 3 mil, j\u00e1 come\u00e7a a sinalizar, realmente, uma desburocratiza\u00e7\u00e3o&#8221;, disse o presidente durante uma entrevista no Pal\u00e1cio do Alvorada, resid\u00eancia oficial.<\/p>\n\n\n\n<p>A expectativa do presidente \u00e9 que a mudan\u00e7a j\u00e1 esteja valendo para a pr\u00f3xima declara\u00e7\u00e3o do IR, em 2020. &#8220;Tem que ser agora esse ano, para [valer] o ano que vem&#8221;, disse.&nbsp;<\/p>\n\n\n\n<p>Atualmente, est\u00e3o obrigados a declarar IR todos os contribuintes que tiveram rendimento anual superior ao teto estabelecido pela Receita Federal, que corresponde a uma remunera\u00e7\u00e3o anual de R$ 28.559,70, o que d\u00e1 uma m\u00e9dia de R$ 2.379,98 por m\u00eas. Outro caso de obrigatoriedade prevista na legisla\u00e7\u00e3o inclui aqueles que receberam rendimentos isentos, n\u00e3o tribut\u00e1veis ou tributados na fonte, em valor superior a R$ 40 mil.<\/p>\n\n\n\n<p><strong>Balan\u00e7o<\/strong><\/p>\n\n\n\n<p>A entrevista com o presidente da Rep\u00fablica durou pouco mais de duas horas. O convite aos rep\u00f3rteres que cobrem a Presid\u00eancia foi feito ontem (20), para que ele fizesse um balan\u00e7o do primeiro ano de governo.<\/p>\n\n\n\n<p>Bolsonaro elogiou o trabalho de alguns dos seus principais ministros, como Paulo Guedes, da Economia; Tarc\u00edsio Freitas, da Infraestrutura; Tereza Cristina, da Agricultura; Marcelo \u00c1lvaro Antonio, do Turismo; Sergio Moro, da Justi\u00e7a e Seguran\u00e7a P\u00fablica, e Gustavo Canuto, do Desenvolvimento Regional.<\/p>\n\n\n\n<p>Perguntado sobre a maior felicidade do seu governo at\u00e9 aqui, citou o n\u00e3o aparecimento de casos de corrup\u00e7\u00e3o na gest\u00e3o federal. &#8220;A felicidade \u00e9 n\u00e3o ter aparecido nada sobre corrup\u00e7\u00e3o. Pode acontecer, a gente n\u00e3o sabe, mas n\u00e3o apareceu nada. Tem uma certa vigil\u00e2ncia nossa, quase que uma obsess\u00e3o&#8221;.<\/p>\n\n\n\n<p>O presidente reconheceu que h\u00e1 press\u00e3o de aliados por cargos, e que alguns s\u00e3o atendidos. &#8220;N\u00e3o \u00e9 porque o pol\u00edtico indicou que \u00e9 mau car\u00e1ter, tem cara bom indicado por pol\u00edtico&#8221;. Mesmo assim, avaliou que teve liberdade na composi\u00e7\u00e3o da equipe. &#8220;Muito bom foi eu ter a liberdade e segurar as press\u00f5es para indicar quem est\u00e1 do meu lado&#8221;.<\/p>\n\n\n\n<p>Sobre as perspectivas para o pr\u00f3ximo ano, Bolsonaro disse que o foco s\u00e3o avan\u00e7os na economia e o est\u00edmulo ao empreendedorismo.<\/p>\n\n\n\n<p>&#8220;O carro chefe \u00e9 a economia. O que mais queremos \u00e9 facilitar a vida de quem quer empreender. Tem que lan\u00e7ar o plano Minha Primeira Empresa para tirar isso do discurso da oposi\u00e7\u00e3o. Voc\u00ea quer criar uma empresa, vai criar. O sal\u00e1rio est\u00e1 baixo, voc\u00ea paga R$ 5 mil, R$ 10 mil, R$ 30 mil para quem for trabalhar na tua empresa, esta que \u00e9 a ideia&#8221;<\/p>\n","protected":false},"excerpt":{"rendered":"<p>O presidente Jair Bolsonaro anunciou, que o limite a partir do qual o contribuinte deve declarar no Imposto de Renda Pessoa F\u00edsica (IR) ser\u00e1 elevado.&hellip; <\/p>\n","protected":false},"author":1,"featured_media":131966,"comment_status":"closed","ping_status":"closed","sticky":false,"template":"","format":"standard","meta":{"sfsi_plus_gutenberg_text_before_share":"","sfsi_plus_gutenberg_show_text_before_share":"","sfsi_plus_gutenberg_icon_type":"","sfsi_plus_gutenberg_icon_alignemt":"","sfsi_plus_gutenburg_max_per_row":"","footnotes":""},"categories":[11],"tags":[],"class_list":["post-142278","post","type-post","status-publish","format-standard","has-post-thumbnail","hentry","category-politica"],"_links":{"self":[{"href":"https:\/\/www.caririemacao.com\/1\/wp-json\/wp\/v2\/posts\/142278","targetHints":{"allow":["GET"]}}],"collection":[{"href":"https:\/\/www.caririemacao.com\/1\/wp-json\/wp\/v2\/posts"}],"about":[{"href":"https:\/\/www.caririemacao.com\/1\/wp-json\/wp\/v2\/types\/post"}],"author":[{"embeddable":true,"href":"https:\/\/www.caririemacao.com\/1\/wp-json\/wp\/v2\/users\/1"}],"replies":[{"embeddable":true,"href":"https:\/\/www.caririemacao.com\/1\/wp-json\/wp\/v2\/comments?post=142278"}],"version-history":[{"count":1,"href":"https:\/\/www.caririemacao.com\/1\/wp-json\/wp\/v2\/posts\/142278\/revisions"}],"predecessor-version":[{"id":142279,"href":"https:\/\/www.caririemacao.com\/1\/wp-json\/wp\/v2\/posts\/142278\/revisions\/142279"}],"wp:featuredmedia":[{"embeddable":true,"href":"https:\/\/www.caririemacao.com\/1\/wp-json\/wp\/v2\/media\/131966"}],"wp:attachment":[{"href":"https:\/\/www.caririemacao.com\/1\/wp-json\/wp\/v2\/media?parent=142278"}],"wp:term":[{"taxonomy":"category","embeddable":true,"href":"https:\/\/www.caririemacao.com\/1\/wp-json\/wp\/v2\/categories?post=142278"},{"taxonomy":"post_tag","embeddable":true,"href":"https:\/\/www.caririemacao.com\/1\/wp-json\/wp\/v2\/tags?post=142278"}],"curies":[{"name":"wp","href":"https:\/\/api.w.org\/{rel}","templated":true}]}}