{"id":142285,"date":"2019-12-22T09:48:37","date_gmt":"2019-12-22T12:48:37","guid":{"rendered":"http:\/\/www.caririemacao.com\/1\/?p=142285"},"modified":"2019-12-22T09:48:37","modified_gmt":"2019-12-22T12:48:37","slug":"governador-marca-coletiva-para-falar-sobre-operacao-calvario","status":"publish","type":"post","link":"https:\/\/www.caririemacao.com\/1\/2019\/12\/22\/governador-marca-coletiva-para-falar-sobre-operacao-calvario\/","title":{"rendered":"Governador marca coletiva para falar sobre Opera\u00e7\u00e3o Calv\u00e1rio"},"content":{"rendered":"\n<p>O governador Jo\u00e3o Azev\u00eado conceder\u00e1 entrevista coletiva \u00e0 imprensa nesta segunda-feira (23), \u00e0s 10h, no Pal\u00e1cio da Reden\u00e7\u00e3o, para falar sobre o\u00a0sistema p\u00fablico de sa\u00fade da Para\u00edba\u00a0em fun\u00e7\u00e3o dos \u00faltimos acontecimentos\u00a0ocorridos no Estado.<\/p>\n\n\n\n<p><strong>Entenda o caso:<\/strong><\/p>\n\n\n\n<p>A Pol\u00edcia Federal deflagrou, na manh\u00e3 de ter\u00e7a-feira, &nbsp;(17\/12), a Opera\u00e7\u00e3o Calv\u00e1rio \u2013 Ju\u00edzo Final, para combater organiza\u00e7\u00e3o criminosa atuante em desvio de recursos p\u00fablicos destinados aos servi\u00e7os de sa\u00fade no Estado da Para\u00edba, por meio de fraudes em procedimentos licitat\u00f3rios e em concurso p\u00fablico, corrup\u00e7\u00e3o e financiamento de campanhas de agentes pol\u00edticos, bem como superfaturamento em equipamentos, servi\u00e7os e medicamentos.<\/p>\n\n\n\n<p>A opera\u00e7\u00e3o, realizada em conjunto com o o Grupo de Atua\u00e7\u00e3o Especial de Repress\u00e3o ao Crime Organizado GAECO\/PB, Minist\u00e9rio P\u00fablico Federal e Controladoria-Geral da Uni\u00e3o \u2013 CGU, apura desvio de recursos p\u00fablicos na ordem de R$ 134,2 milh\u00f5es, dos quais mais de R$ 120 milh\u00f5es teriam sido destinados a agentes pol\u00edticos e \u00e0s campanhas eleitorais de 2010, 2014 e 2018.<\/p>\n\n\n\n<p>Cerca de 350 Policiais Federais, al\u00e9m de Procuradores da Rep\u00fablica e auditores da CGU d\u00e3o cumprimento a\u00a054 mandados de busca e apreens\u00e3o e 17 mandados de pris\u00e3o preventiva,\u00a0nos estados da Para\u00edba, Rio Grande do Norte, Rio de Janeiro, Goi\u00e2nia e Paran\u00e1.<\/p>\n\n\n\n<p>De acordo com as investiga\u00e7\u00f5es, organiza\u00e7\u00f5es sociais, dentre outras, organizaram uma rede de prestadores de servi\u00e7os terceirizados e de fornecedores, com a celebra\u00e7\u00e3o de contratos com sobre-pre\u00e7o na gest\u00e3o dos Hospitais de Trauma, de Mamanguape\/PB e o Metropolitano em Santa Rita\/PB.<\/p>\n\n\n\n<p>De modo a se blindar de fiscaliza\u00e7\u00e3o do Tribunal de Contas do Estado da Para\u00edba, a organiza\u00e7\u00e3o pagou reiteradamente vantagens indevidas, valendo-se de contratos de \u201cadvocacia preventiva\u201d ou contratos de \u201cadvocacia por \u00eaxito\u201d, de modo a ocultar ou dissimular a natureza, origem, disposi\u00e7\u00e3o e movimenta\u00e7\u00e3o dos valores.<\/p>\n\n\n\n<p>Verificou-se ainda o uso eleitoral dos servi\u00e7os de sa\u00fade, com direcionamento de atendimentos e fraude no concurso de pr\u00e9-sele\u00e7\u00e3o de pessoal do Hospital Metropolitano no ano de 2018.<\/p>\n\n\n\n<p>Ap\u00f3s a constata\u00e7\u00e3o de que agente pol\u00edtico, que ocupou cargo de alto escal\u00e3o no executivo estadual, encontra-se fora do pa\u00eds, foi solicitada a inclus\u00e3o do seu nome na difus\u00e3o vermelha da Interpol.<\/p>\n\n\n\n<p>Os investigados ir\u00e3o responder, na medida de suas responsabilidades, pelos crimes poder\u00e3o responder pelos crimes previstos de organiza\u00e7\u00e3o criminosa, fraude em licita\u00e7\u00e3o, corrup\u00e7\u00e3o passiva e ativa.<\/p>\n","protected":false},"excerpt":{"rendered":"<p>O governador Jo\u00e3o Azev\u00eado conceder\u00e1 entrevista coletiva \u00e0 imprensa nesta segunda-feira (23), \u00e0s 10h, no Pal\u00e1cio da Reden\u00e7\u00e3o, para falar sobre o\u00a0sistema p\u00fablico de sa\u00fade&hellip; <\/p>\n","protected":false},"author":1,"featured_media":133386,"comment_status":"closed","ping_status":"closed","sticky":false,"template":"","format":"standard","meta":{"sfsi_plus_gutenberg_text_before_share":"","sfsi_plus_gutenberg_show_text_before_share":"","sfsi_plus_gutenberg_icon_type":"","sfsi_plus_gutenberg_icon_alignemt":"","sfsi_plus_gutenburg_max_per_row":"","footnotes":""},"categories":[11],"tags":[],"class_list":["post-142285","post","type-post","status-publish","format-standard","has-post-thumbnail","hentry","category-politica"],"_links":{"self":[{"href":"https:\/\/www.caririemacao.com\/1\/wp-json\/wp\/v2\/posts\/142285","targetHints":{"allow":["GET"]}}],"collection":[{"href":"https:\/\/www.caririemacao.com\/1\/wp-json\/wp\/v2\/posts"}],"about":[{"href":"https:\/\/www.caririemacao.com\/1\/wp-json\/wp\/v2\/types\/post"}],"author":[{"embeddable":true,"href":"https:\/\/www.caririemacao.com\/1\/wp-json\/wp\/v2\/users\/1"}],"replies":[{"embeddable":true,"href":"https:\/\/www.caririemacao.com\/1\/wp-json\/wp\/v2\/comments?post=142285"}],"version-history":[{"count":1,"href":"https:\/\/www.caririemacao.com\/1\/wp-json\/wp\/v2\/posts\/142285\/revisions"}],"predecessor-version":[{"id":142286,"href":"https:\/\/www.caririemacao.com\/1\/wp-json\/wp\/v2\/posts\/142285\/revisions\/142286"}],"wp:featuredmedia":[{"embeddable":true,"href":"https:\/\/www.caririemacao.com\/1\/wp-json\/wp\/v2\/media\/133386"}],"wp:attachment":[{"href":"https:\/\/www.caririemacao.com\/1\/wp-json\/wp\/v2\/media?parent=142285"}],"wp:term":[{"taxonomy":"category","embeddable":true,"href":"https:\/\/www.caririemacao.com\/1\/wp-json\/wp\/v2\/categories?post=142285"},{"taxonomy":"post_tag","embeddable":true,"href":"https:\/\/www.caririemacao.com\/1\/wp-json\/wp\/v2\/tags?post=142285"}],"curies":[{"name":"wp","href":"https:\/\/api.w.org\/{rel}","templated":true}]}}