{"id":142289,"date":"2019-12-22T09:51:54","date_gmt":"2019-12-22T12:51:54","guid":{"rendered":"http:\/\/www.caririemacao.com\/1\/?p=142289"},"modified":"2019-12-22T09:51:54","modified_gmt":"2019-12-22T12:51:54","slug":"apos-decisao-do-stj-ricardo-coutinho-esta-em-liberdade","status":"publish","type":"post","link":"https:\/\/www.caririemacao.com\/1\/2019\/12\/22\/apos-decisao-do-stj-ricardo-coutinho-esta-em-liberdade\/","title":{"rendered":"Ap\u00f3s decis\u00e3o do STJ, Ricardo Coutinho est\u00e1 em liberdade"},"content":{"rendered":"\n<p>O ex-governador da Para\u00edba, Ricardo Coutinho acaba de sair da pris\u00e3o. A soltura veio ap\u00f3s o habeas corpus concedido neste s\u00e1bado (21) pelo ministro Napole\u00e3o Nunes Maia, do Superior Tribunal de Justi\u00e7a (STJ).<\/p>\n\n\n\n<p>O socialista deixou a Penitenci\u00e1ria M\u00e9dia de Mangabeira por volta das 21h deste s\u00e1bado (21). Em um carro preto, acompanhado do filho Rico Coutinho e da companheira Amanda Rodrigues, o ex-gestor foi saudado por militantes na sa\u00edda do complexo.<\/p>\n","protected":false},"excerpt":{"rendered":"<p>O ex-governador da Para\u00edba, Ricardo Coutinho acaba de sair da pris\u00e3o. A soltura veio ap\u00f3s o habeas corpus concedido neste s\u00e1bado (21) pelo ministro Napole\u00e3o&hellip; <\/p>\n","protected":false},"author":1,"featured_media":142290,"comment_status":"closed","ping_status":"closed","sticky":false,"template":"","format":"standard","meta":{"sfsi_plus_gutenberg_text_before_share":"","sfsi_plus_gutenberg_show_text_before_share":"","sfsi_plus_gutenberg_icon_type":"","sfsi_plus_gutenberg_icon_alignemt":"","sfsi_plus_gutenburg_max_per_row":"","footnotes":""},"categories":[11],"tags":[],"class_list":["post-142289","post","type-post","status-publish","format-standard","has-post-thumbnail","hentry","category-politica"],"_links":{"self":[{"href":"https:\/\/www.caririemacao.com\/1\/wp-json\/wp\/v2\/posts\/142289","targetHints":{"allow":["GET"]}}],"collection":[{"href":"https:\/\/www.caririemacao.com\/1\/wp-json\/wp\/v2\/posts"}],"about":[{"href":"https:\/\/www.caririemacao.com\/1\/wp-json\/wp\/v2\/types\/post"}],"author":[{"embeddable":true,"href":"https:\/\/www.caririemacao.com\/1\/wp-json\/wp\/v2\/users\/1"}],"replies":[{"embeddable":true,"href":"https:\/\/www.caririemacao.com\/1\/wp-json\/wp\/v2\/comments?post=142289"}],"version-history":[{"count":1,"href":"https:\/\/www.caririemacao.com\/1\/wp-json\/wp\/v2\/posts\/142289\/revisions"}],"predecessor-version":[{"id":142291,"href":"https:\/\/www.caririemacao.com\/1\/wp-json\/wp\/v2\/posts\/142289\/revisions\/142291"}],"wp:featuredmedia":[{"embeddable":true,"href":"https:\/\/www.caririemacao.com\/1\/wp-json\/wp\/v2\/media\/142290"}],"wp:attachment":[{"href":"https:\/\/www.caririemacao.com\/1\/wp-json\/wp\/v2\/media?parent=142289"}],"wp:term":[{"taxonomy":"category","embeddable":true,"href":"https:\/\/www.caririemacao.com\/1\/wp-json\/wp\/v2\/categories?post=142289"},{"taxonomy":"post_tag","embeddable":true,"href":"https:\/\/www.caririemacao.com\/1\/wp-json\/wp\/v2\/tags?post=142289"}],"curies":[{"name":"wp","href":"https:\/\/api.w.org\/{rel}","templated":true}]}}