{"id":142300,"date":"2019-12-22T10:38:47","date_gmt":"2019-12-22T13:38:47","guid":{"rendered":"http:\/\/www.caririemacao.com\/1\/?p=142300"},"modified":"2019-12-22T10:38:47","modified_gmt":"2019-12-22T13:38:47","slug":"fim-do-registro-profissional-para-jornalista-e-risco-para-qualidade-das-noticias","status":"publish","type":"post","link":"https:\/\/www.caririemacao.com\/1\/2019\/12\/22\/fim-do-registro-profissional-para-jornalista-e-risco-para-qualidade-das-noticias\/","title":{"rendered":"Fim do registro profissional para jornalista \u00e9 risco para qualidade das not\u00edcias"},"content":{"rendered":"\n<p><br>Ofim do registro profissional de jornalistas e publicit\u00e1rios dividiu a opini\u00e3o de convidados durante audi\u00eancia p\u00fablica realizada pela Comiss\u00e3o de Desenvolvimento Econ\u00f4mico da C\u00e2mara.<\/p>\n\n\n\n<p>A extin\u00e7\u00e3o desses registros e os relacionados a outras 11 profiss\u00f5es foi proposta pelo governo na Medida Provis\u00f3ria 905\/19. A medida criou o Contrato Verde e Amarelo para aumentar a empregabilidade dos jovens.<\/p>\n\n\n\n<p>Para o professor Marcelo Bronosky, da Associa\u00e7\u00e3o Brasileira de Ensino em Jornalismo, desvalorizar a forma\u00e7\u00e3o espec\u00edfica \u00e9 um risco para a qualidade da informa\u00e7\u00e3o:<\/p>\n\n\n\n<p>\u201cSe n\u00f3s estamos em um cen\u00e1rio de prolifera\u00e7\u00e3o de not\u00edcias falsas, j\u00e1 nesse cen\u00e1rio de uma m\u00ednima regulagem, m\u00ednimas regras a partir dos registros; com a MP isso acaba efetivamente. \u00c9 cen\u00e1rio de terra arrasada. Qualquer um a partir de 16 anos que tenha minimamente a capacidade de poder se expressar, pode reivindicar a condi\u00e7\u00e3o de jornalista\u201d, observou.<\/p>\n\n\n\n<p>O presidente da Comiss\u00e3o de Desenvolvimento Econ\u00f4mico, deputado Bosco Saraiva (Solidariedade-AM), defendeu outros pontos da MP, mas disse que a extin\u00e7\u00e3o dos registros deve ser discutida com cada categoria:<\/p>\n\n\n\n<p>\u201cA gente assiste atualmente o empobrecimento de textos e da forma de comunicar em raz\u00e3o das redes sociais. (\u2026) Tudo isso n\u00f3s temos a oportunidade de discutir aqui. E a inten\u00e7\u00e3o \u00e9 que esse debate seja efetivamente elevado. No sentido de que a gente possa oferecer elementos para o momento da vota\u00e7\u00e3o da medida provis\u00f3ria, para que todos saibam efetivamente o que est\u00e3o votando\u201d, disse.<\/p>\n\n\n\n<figure class=\"wp-block-image\"><img decoding=\"async\" data-src=\"https:\/\/paraibaonline.com.br\/wp-content\/uploads\/2019\/12\/comissao-camara-567x378.jpg\" alt=\"Foto: Vin\u00edcius Loures\/C\u00e2mara dos Deputados\" class=\"wp-image-826643 lazyload\" src=\"data:image\/svg+xml;base64,PHN2ZyB3aWR0aD0iMSIgaGVpZ2h0PSIxIiB4bWxucz0iaHR0cDovL3d3dy53My5vcmcvMjAwMC9zdmciPjwvc3ZnPg==\" style=\"--smush-placeholder-width: 567px; --smush-placeholder-aspect-ratio: 567\/378;\" \/><\/figure>\n\n\n\n<p>Foto: Vin\u00edcius Loures\/C\u00e2mara dos Deputados<\/p>\n\n\n\n<p><strong>Trabalho prec\u00e1rio<\/strong><br>A secret\u00e1ria-geral da Federa\u00e7\u00e3o Nacional dos Jornalistas (Fenaj), Elisabeth da Costa, disse que a MP como um todo \u00e9 prejudicial n\u00e3o s\u00f3 aos jornalistas:<\/p>\n\n\n\n<p>\u201cEla mant\u00e9m o papel dos sindicatos de fiscalizar, mas ela tira os sindicatos das negocia\u00e7\u00f5es. Ela permite que os contratos sejam individuais e n\u00e3o mais coletivos. Ela incide na sa\u00fade ao dizer que n\u00e3o precisa mais das Cipas (Comiss\u00e3o Interna de Preven\u00e7\u00e3o de Acidentes). N\u00e3o tem mais seguro periculosidade. Ent\u00e3o ela cria para todos os trabalhadores \u2013 para os jornalistas tamb\u00e9m \u2013 uma classe precarizada de trabalhador. \u00c9 um trabalhador de segunda categoria\u201d, disse.<\/p>\n\n\n\n<p><strong>Burocracia<\/strong><br>Representante da Federa\u00e7\u00e3o Nacional das Empresas de R\u00e1dio e TV (Abert), Gulliver Le\u00e3o defendeu o fim do registro que, segundo ele, \u00e9 apenas um procedimento burocr\u00e1tico.<\/p>\n\n\n\n<p>Ele lembrou que o diploma de jornalista foi considerado desnecess\u00e1rio para o exerc\u00edcio da profiss\u00e3o em junho de 2009 pelo Supremo Tribunal Federal:<\/p>\n\n\n\n<p>\u201cNa miss\u00e3o de informar a sociedade, quem melhor para falar ou escrever sobre medicina e sa\u00fade do que um m\u00e9dico? Sobre economia, do que um economista? Sobre direito, do que um advogado ou jurista? No universo da comunica\u00e7\u00e3o, o campo deve estar sempre aberto para contribui\u00e7\u00f5es intelectuais de todos os segmentos em respeito ao princ\u00edpio da liberdade de express\u00e3o e de manifesta\u00e7\u00e3o\u201d, disse.<\/p>\n\n\n\n<p>A MP do Contrato Verde e Amarelo recebeu quase duas mil emendas, que est\u00e3o sendo analisadas em comiss\u00e3o especial.<\/p>\n","protected":false},"excerpt":{"rendered":"<p>Ofim do registro profissional de jornalistas e publicit\u00e1rios dividiu a opini\u00e3o de convidados durante audi\u00eancia p\u00fablica realizada pela Comiss\u00e3o de Desenvolvimento Econ\u00f4mico da C\u00e2mara. A&hellip; <\/p>\n","protected":false},"author":1,"featured_media":142301,"comment_status":"closed","ping_status":"closed","sticky":false,"template":"","format":"standard","meta":{"sfsi_plus_gutenberg_text_before_share":"","sfsi_plus_gutenberg_show_text_before_share":"","sfsi_plus_gutenberg_icon_type":"","sfsi_plus_gutenberg_icon_alignemt":"","sfsi_plus_gutenburg_max_per_row":"","footnotes":""},"categories":[2],"tags":[],"class_list":["post-142300","post","type-post","status-publish","format-standard","has-post-thumbnail","hentry","category-geral"],"_links":{"self":[{"href":"https:\/\/www.caririemacao.com\/1\/wp-json\/wp\/v2\/posts\/142300","targetHints":{"allow":["GET"]}}],"collection":[{"href":"https:\/\/www.caririemacao.com\/1\/wp-json\/wp\/v2\/posts"}],"about":[{"href":"https:\/\/www.caririemacao.com\/1\/wp-json\/wp\/v2\/types\/post"}],"author":[{"embeddable":true,"href":"https:\/\/www.caririemacao.com\/1\/wp-json\/wp\/v2\/users\/1"}],"replies":[{"embeddable":true,"href":"https:\/\/www.caririemacao.com\/1\/wp-json\/wp\/v2\/comments?post=142300"}],"version-history":[{"count":1,"href":"https:\/\/www.caririemacao.com\/1\/wp-json\/wp\/v2\/posts\/142300\/revisions"}],"predecessor-version":[{"id":142302,"href":"https:\/\/www.caririemacao.com\/1\/wp-json\/wp\/v2\/posts\/142300\/revisions\/142302"}],"wp:featuredmedia":[{"embeddable":true,"href":"https:\/\/www.caririemacao.com\/1\/wp-json\/wp\/v2\/media\/142301"}],"wp:attachment":[{"href":"https:\/\/www.caririemacao.com\/1\/wp-json\/wp\/v2\/media?parent=142300"}],"wp:term":[{"taxonomy":"category","embeddable":true,"href":"https:\/\/www.caririemacao.com\/1\/wp-json\/wp\/v2\/categories?post=142300"},{"taxonomy":"post_tag","embeddable":true,"href":"https:\/\/www.caririemacao.com\/1\/wp-json\/wp\/v2\/tags?post=142300"}],"curies":[{"name":"wp","href":"https:\/\/api.w.org\/{rel}","templated":true}]}}