{"id":142305,"date":"2019-12-22T10:41:05","date_gmt":"2019-12-22T13:41:05","guid":{"rendered":"http:\/\/www.caririemacao.com\/1\/?p=142305"},"modified":"2019-12-22T10:41:05","modified_gmt":"2019-12-22T13:41:05","slug":"papa-francisco-diz-que-igreja-esta-atrasada-e-pede-reformas","status":"publish","type":"post","link":"https:\/\/www.caririemacao.com\/1\/2019\/12\/22\/papa-francisco-diz-que-igreja-esta-atrasada-e-pede-reformas\/","title":{"rendered":"Papa Francisco diz que igreja est\u00e1 atrasada e pede reformas"},"content":{"rendered":"\n<p>A igreja est\u00e1 duzentos anos atrasada. Afirma\u00e7\u00e3o feita, no Vaticano, pelo papa Francisco.<\/p>\n\n\n\n<p>Na mensagem de Natal aos cardeais e membros da C\u00faria romana, o chefe da igreja cat\u00f3lica defendeu a necessidade de \u201cmudar a mentalidade pastoral\u201d.<\/p>\n\n\n\n<p>Francisco apelou ainda \u00e0 realiza\u00e7\u00e3o de reformas e alertou contra os perigos da \u201crigidez\u201d dos membros da igreja perante aos desafios atuais.<\/p>\n","protected":false},"excerpt":{"rendered":"<p>A igreja est\u00e1 duzentos anos atrasada. Afirma\u00e7\u00e3o feita, no Vaticano, pelo papa Francisco. Na mensagem de Natal aos cardeais e membros da C\u00faria romana, o&hellip; <\/p>\n","protected":false},"author":1,"featured_media":93595,"comment_status":"closed","ping_status":"closed","sticky":false,"template":"","format":"standard","meta":{"sfsi_plus_gutenberg_text_before_share":"","sfsi_plus_gutenberg_show_text_before_share":"","sfsi_plus_gutenberg_icon_type":"","sfsi_plus_gutenberg_icon_alignemt":"","sfsi_plus_gutenburg_max_per_row":"","footnotes":""},"categories":[2],"tags":[],"class_list":["post-142305","post","type-post","status-publish","format-standard","has-post-thumbnail","hentry","category-geral"],"_links":{"self":[{"href":"https:\/\/www.caririemacao.com\/1\/wp-json\/wp\/v2\/posts\/142305","targetHints":{"allow":["GET"]}}],"collection":[{"href":"https:\/\/www.caririemacao.com\/1\/wp-json\/wp\/v2\/posts"}],"about":[{"href":"https:\/\/www.caririemacao.com\/1\/wp-json\/wp\/v2\/types\/post"}],"author":[{"embeddable":true,"href":"https:\/\/www.caririemacao.com\/1\/wp-json\/wp\/v2\/users\/1"}],"replies":[{"embeddable":true,"href":"https:\/\/www.caririemacao.com\/1\/wp-json\/wp\/v2\/comments?post=142305"}],"version-history":[{"count":1,"href":"https:\/\/www.caririemacao.com\/1\/wp-json\/wp\/v2\/posts\/142305\/revisions"}],"predecessor-version":[{"id":142306,"href":"https:\/\/www.caririemacao.com\/1\/wp-json\/wp\/v2\/posts\/142305\/revisions\/142306"}],"wp:featuredmedia":[{"embeddable":true,"href":"https:\/\/www.caririemacao.com\/1\/wp-json\/wp\/v2\/media\/93595"}],"wp:attachment":[{"href":"https:\/\/www.caririemacao.com\/1\/wp-json\/wp\/v2\/media?parent=142305"}],"wp:term":[{"taxonomy":"category","embeddable":true,"href":"https:\/\/www.caririemacao.com\/1\/wp-json\/wp\/v2\/categories?post=142305"},{"taxonomy":"post_tag","embeddable":true,"href":"https:\/\/www.caririemacao.com\/1\/wp-json\/wp\/v2\/tags?post=142305"}],"curies":[{"name":"wp","href":"https:\/\/api.w.org\/{rel}","templated":true}]}}