{"id":142309,"date":"2019-12-22T10:43:04","date_gmt":"2019-12-22T13:43:04","guid":{"rendered":"http:\/\/www.caririemacao.com\/1\/?p=142309"},"modified":"2019-12-22T10:43:04","modified_gmt":"2019-12-22T13:43:04","slug":"nao-tenho-obsessao-para-formar-partido-diz-presidente-bolsonaro","status":"publish","type":"post","link":"https:\/\/www.caririemacao.com\/1\/2019\/12\/22\/nao-tenho-obsessao-para-formar-partido-diz-presidente-bolsonaro\/","title":{"rendered":"\u201cN\u00e3o tenho obsess\u00e3o para formar partido\u201d, diz presidente Bolsonaro"},"content":{"rendered":"\n<p><br>Opresidente Jair Bolsonaro reconhece que s\u00e3o praticamente nulas as chances de conseguir homologar o seu novo partido, o Alian\u00e7a pelo Brasil, a tempo de disputar as elei\u00e7\u00f5es municipais do ano que vem.<\/p>\n\n\n\n<p>\u201c\u00c9 muito dif\u00edcil, n\u00e3o vou me iludir, a chance \u00e9 1%\u201d, disse neste s\u00e1bado (21), em entrevista no Pal\u00e1cio da Alvorada, resid\u00eancia oficial. Segundo Bolsonaro, n\u00e3o h\u00e1 uma \u201cobsess\u00e3o\u201d para formar a legenda, e que as elei\u00e7\u00f5es municipais de 2020 n\u00e3o t\u00eam muita influ\u00eancia nas de 2022. \u201cN\u00e3o tenho obsess\u00e3o para formar o partido. Acho que Deus at\u00e9 me ajuda, voc\u00ea sabe que as elei\u00e7\u00f5es municipais n\u00e3o influenciam na pr\u00f3xima\u201d, acrescentou.<\/p>\n\n\n\n<p>Para a legenda Alian\u00e7a pelo Brasil ser homologada e poder disputar as elei\u00e7\u00f5es, ainda ser\u00e1 necess\u00e1ria a coleta de cerca de 500 mil assinaturas em pelo menos nove estados.<\/p>\n\n\n\n<p>As rubricas precisam ser validadas, uma a uma, pelo Tribunal Superior Eleitoral (TSE). O prazo para que o partido seja registrado a tempo de disputar as elei\u00e7\u00f5es municipais de 2020 termina em mar\u00e7o.<\/p>\n\n\n\n<p><strong>Candidaturas avulsas<\/strong><\/p>\n\n\n\n<p>O presidente tamb\u00e9m comentou seu posicionamento favor\u00e1vel \u00e0s&nbsp;candidaturas avulsas, que deve ser votada ainda no primeiro semestre de 2020.<\/p>\n\n\n\n<p>De acordo com Bolsonaro, as candidaturas avulsas podem beneficiar candidatos que n\u00e3o possuem v\u00ednculo ideol\u00f3gico com os partidos e que almejam ocupar cargos eletivos sem se comprometer com grandes organiza\u00e7\u00f5es pol\u00edticas.<\/p>\n\n\n\n<p>\u201cSe eu pudesse interferir, votaria favor\u00e1vel sobre o assunto\u201d, disse.<\/p>\n\n\n\n<p>\u201c\u00c9 assim nos Estados Unidos. N\u00e3o sei quantos partidos temos, talvez uns 30, mas vamos supor, um ou dois partidos com grande poder econ\u00f4mico e influ\u00eancia orientam os outros \u2018n\u00e3o indica ningu\u00e9m\u2019. Os outros partidos n\u00e3o teriam escolha. A op\u00e7\u00e3o estaria servida na mesa. Essa forma [de combinar os candidatos entre os grandes partidos] piora substancialmente o que temos hoje. S\u00f3 n\u00f3s [um grupo seleto] ser\u00edamos candidatos, os outros n\u00e3o seriam\u2019, argumentou.<\/p>\n\n\n\n<figure class=\"wp-block-image\"><img decoding=\"async\" data-src=\"https:\/\/paraibaonline.com.br\/wp-content\/uploads\/2019\/12\/bolsonaro-3-567x378.jpg\" alt=\"Foto: Isac N\u00f3brega\/PR\" class=\"wp-image-826599 lazyload\" src=\"data:image\/svg+xml;base64,PHN2ZyB3aWR0aD0iMSIgaGVpZ2h0PSIxIiB4bWxucz0iaHR0cDovL3d3dy53My5vcmcvMjAwMC9zdmciPjwvc3ZnPg==\" style=\"--smush-placeholder-width: 567px; --smush-placeholder-aspect-ratio: 567\/378;\" \/><\/figure>\n\n\n\n<p>Foto: Isac N\u00f3brega\/PR<\/p>\n\n\n\n<p>Bolsonaro citou ainda as dificuldades que teve na busca por uma legenda ap\u00f3s a defini\u00e7\u00e3o de que concorreria \u00e0 Presid\u00eancia.<\/p>\n\n\n\n<p>\u201cVeja a dificuldade que tive para me candidatar. No final, o partido espera alguma vantagem para si. Os grandes acertos pol\u00edtico-partid\u00e1rios v\u00eam do fundo partid\u00e1rio e do tempo de televis\u00e3o. Foi demonstrado que d\u00e1 para fazer pol\u00edtica sem o fundo partid\u00e1rio\u201d, disse.<\/p>\n\n\n\n<p>O presidente ainda disse que n\u00e3o descarta a possibilidade de se lan\u00e7ar numa eventual candidatura avulsa no futuro, diante da dificuldade de forma\u00e7\u00e3o do pr\u00f3prio partido.<\/p>\n\n\n\n<p>\u201cSe n\u00e3o passar, para mim tanto faz. Agora temos que discutir como seria a candidatura de deputados e senadores, porque se forem avulsas tamb\u00e9m, para mim seria \u00f3timo. Se eu sa\u00edsse como candidato sem partido, seria excepcional. Eu tentei fazer isso nas elei\u00e7\u00f5es [de 2018] e n\u00e3o consegui. Procurei diversas lideran\u00e7as, mas n\u00e3o deu liga\u201d, disse.<\/p>\n\n\n\n<p>De acordo com o Tribunal Superior Eleitoral (TSE), o Brasil conta com 33 partidos pol\u00edticos homologados.<\/p>\n\n\n\n<p><strong>Voto impresso<\/strong><\/p>\n\n\n\n<p>Bolsonaro disse tamb\u00e9m que o presidente da C\u00e2mara, Rodrigo Maia, se comprometeu a pautar a vota\u00e7\u00e3o do projeto de lei do voto impresso.<\/p>\n\n\n\n<p>\u201c[Maia] \u00e9 a favor do voto impresso ou de uma forma que te permite auditar, voc\u00ea saber que o voto que voc\u00ea deu foi para aquela pessoa. Talvez, num primeiro momento, que sejam 10% das urnas com o voto impresso no ano que vem. O que a gente vai querer \u00e9 que, acabou a vota\u00e7\u00e3o, voc\u00ea possa entrar na internet e consultar a tua se\u00e7\u00e3o eleitoral. E voc\u00ea, ao consultar sua se\u00e7\u00e3o eleitoral na internet, talvez voc\u00ea tenha tirado uma fotografia da tripa, da p\u00e1gina [recibo], voc\u00ea compara\u201d.<\/p>\n","protected":false},"excerpt":{"rendered":"<p>Opresidente Jair Bolsonaro reconhece que s\u00e3o praticamente nulas as chances de conseguir homologar o seu novo partido, o Alian\u00e7a pelo Brasil, a tempo de disputar&hellip; <\/p>\n","protected":false},"author":1,"featured_media":142310,"comment_status":"closed","ping_status":"closed","sticky":false,"template":"","format":"standard","meta":{"sfsi_plus_gutenberg_text_before_share":"","sfsi_plus_gutenberg_show_text_before_share":"","sfsi_plus_gutenberg_icon_type":"","sfsi_plus_gutenberg_icon_alignemt":"","sfsi_plus_gutenburg_max_per_row":"","footnotes":""},"categories":[11],"tags":[],"class_list":["post-142309","post","type-post","status-publish","format-standard","has-post-thumbnail","hentry","category-politica"],"_links":{"self":[{"href":"https:\/\/www.caririemacao.com\/1\/wp-json\/wp\/v2\/posts\/142309","targetHints":{"allow":["GET"]}}],"collection":[{"href":"https:\/\/www.caririemacao.com\/1\/wp-json\/wp\/v2\/posts"}],"about":[{"href":"https:\/\/www.caririemacao.com\/1\/wp-json\/wp\/v2\/types\/post"}],"author":[{"embeddable":true,"href":"https:\/\/www.caririemacao.com\/1\/wp-json\/wp\/v2\/users\/1"}],"replies":[{"embeddable":true,"href":"https:\/\/www.caririemacao.com\/1\/wp-json\/wp\/v2\/comments?post=142309"}],"version-history":[{"count":1,"href":"https:\/\/www.caririemacao.com\/1\/wp-json\/wp\/v2\/posts\/142309\/revisions"}],"predecessor-version":[{"id":142311,"href":"https:\/\/www.caririemacao.com\/1\/wp-json\/wp\/v2\/posts\/142309\/revisions\/142311"}],"wp:featuredmedia":[{"embeddable":true,"href":"https:\/\/www.caririemacao.com\/1\/wp-json\/wp\/v2\/media\/142310"}],"wp:attachment":[{"href":"https:\/\/www.caririemacao.com\/1\/wp-json\/wp\/v2\/media?parent=142309"}],"wp:term":[{"taxonomy":"category","embeddable":true,"href":"https:\/\/www.caririemacao.com\/1\/wp-json\/wp\/v2\/categories?post=142309"},{"taxonomy":"post_tag","embeddable":true,"href":"https:\/\/www.caririemacao.com\/1\/wp-json\/wp\/v2\/tags?post=142309"}],"curies":[{"name":"wp","href":"https:\/\/api.w.org\/{rel}","templated":true}]}}