{"id":142335,"date":"2019-12-22T14:02:26","date_gmt":"2019-12-22T17:02:26","guid":{"rendered":"http:\/\/www.caririemacao.com\/1\/?p=142335"},"modified":"2019-12-22T14:02:26","modified_gmt":"2019-12-22T17:02:26","slug":"prefeitura-de-monteiro-emite-nota-de-pesar-pelo-falecimento-de-dejinha-de-monteiro","status":"publish","type":"post","link":"https:\/\/www.caririemacao.com\/1\/2019\/12\/22\/prefeitura-de-monteiro-emite-nota-de-pesar-pelo-falecimento-de-dejinha-de-monteiro\/","title":{"rendered":"Prefeitura de Monteiro emite nota de pesar pelo falecimento de Dejinha de Monteiro"},"content":{"rendered":"\n<p>NOTA DE PESAR<\/p>\n\n\n\n<p>A prefeita do Munic\u00edpio de Monteiro, Anna Lorena de Farias Leite &nbsp;N\u00f3brega e a secret\u00e1ria de Cultura e Turismo do Munic\u00edpio, Christianne Leal v\u00eaem de p\u00fablico registrar o mais profundo pesar pela morte do monteirense, m\u00fasico, compositor e cantor GENECI BISPO LOUREN\u00c7O, carinhosamente conhecido por DEJINHA DE MONTEIRO, 67 anos, ao mesmo que tempo que se associam aos seus familiares neste sentimento de perda irrepar\u00e1vel.<\/p>\n\n\n\n<p>O falecimento de DEJINHA DE MONTEIRO deixa uma lacuna na cultura &nbsp;e na musicalidade nordestina, principalmente no forr\u00f3 aut\u00eantico, t\u00e3o bem representado por ele ao longo de sua trajet\u00f3ria musical.<\/p>\n\n\n\n<p>Fica o nosso registro de toda a dor que neste momento vive a comunidade monteirense.<\/p>\n\n\n\n<p>Monteiro, 22 de dezembro de 2019.<\/p>\n\n\n\n<p>ANNA LORENA DE FARIAS LEITE N\u00d3BREGA<br>Prefeita de Monteiro<\/p>\n\n\n\n<p>CHRISTIANNE LEAL<br>Secret\u00e1ria de Cultura e Turismo<\/p>\n","protected":false},"excerpt":{"rendered":"<p>NOTA DE PESAR A prefeita do Munic\u00edpio de Monteiro, Anna Lorena de Farias Leite &nbsp;N\u00f3brega e a secret\u00e1ria de Cultura e Turismo do Munic\u00edpio, Christianne&hellip; <\/p>\n","protected":false},"author":1,"featured_media":142336,"comment_status":"closed","ping_status":"closed","sticky":false,"template":"","format":"standard","meta":{"sfsi_plus_gutenberg_text_before_share":"","sfsi_plus_gutenberg_show_text_before_share":"","sfsi_plus_gutenberg_icon_type":"","sfsi_plus_gutenberg_icon_alignemt":"","sfsi_plus_gutenburg_max_per_row":"","footnotes":""},"categories":[2],"tags":[],"class_list":["post-142335","post","type-post","status-publish","format-standard","has-post-thumbnail","hentry","category-geral"],"_links":{"self":[{"href":"https:\/\/www.caririemacao.com\/1\/wp-json\/wp\/v2\/posts\/142335","targetHints":{"allow":["GET"]}}],"collection":[{"href":"https:\/\/www.caririemacao.com\/1\/wp-json\/wp\/v2\/posts"}],"about":[{"href":"https:\/\/www.caririemacao.com\/1\/wp-json\/wp\/v2\/types\/post"}],"author":[{"embeddable":true,"href":"https:\/\/www.caririemacao.com\/1\/wp-json\/wp\/v2\/users\/1"}],"replies":[{"embeddable":true,"href":"https:\/\/www.caririemacao.com\/1\/wp-json\/wp\/v2\/comments?post=142335"}],"version-history":[{"count":1,"href":"https:\/\/www.caririemacao.com\/1\/wp-json\/wp\/v2\/posts\/142335\/revisions"}],"predecessor-version":[{"id":142337,"href":"https:\/\/www.caririemacao.com\/1\/wp-json\/wp\/v2\/posts\/142335\/revisions\/142337"}],"wp:featuredmedia":[{"embeddable":true,"href":"https:\/\/www.caririemacao.com\/1\/wp-json\/wp\/v2\/media\/142336"}],"wp:attachment":[{"href":"https:\/\/www.caririemacao.com\/1\/wp-json\/wp\/v2\/media?parent=142335"}],"wp:term":[{"taxonomy":"category","embeddable":true,"href":"https:\/\/www.caririemacao.com\/1\/wp-json\/wp\/v2\/categories?post=142335"},{"taxonomy":"post_tag","embeddable":true,"href":"https:\/\/www.caririemacao.com\/1\/wp-json\/wp\/v2\/tags?post=142335"}],"curies":[{"name":"wp","href":"https:\/\/api.w.org\/{rel}","templated":true}]}}