{"id":142357,"date":"2019-12-22T16:23:49","date_gmt":"2019-12-22T19:23:49","guid":{"rendered":"http:\/\/www.caririemacao.com\/1\/?p=142357"},"modified":"2019-12-22T16:29:06","modified_gmt":"2019-12-22T19:29:06","slug":"familia-de-dejinha-de-monteiro-define-programacao-do-velorio-e-sepultamento","status":"publish","type":"post","link":"https:\/\/www.caririemacao.com\/1\/2019\/12\/22\/familia-de-dejinha-de-monteiro-define-programacao-do-velorio-e-sepultamento\/","title":{"rendered":"Fam\u00edlia de Dejinha de Monteiro define programa\u00e7\u00e3o do vel\u00f3rio e sepultamento"},"content":{"rendered":"\n<p>A fam\u00edlia do cantor Dejinha de Monteiro definiu a programa\u00e7\u00e3o do vel\u00f3rio e sepultamento.<\/p>\n\n\n\n<p>De acordo com as informa\u00e7\u00f5es da fam\u00edlia, o corpo chegar\u00e1 a cidade por volta das 21h e ser\u00e1 velado na igreja matriz Nossa Senhora das Dores em Monteiro.<\/p>\n\n\n\n<p> Haver\u00e1 Missa de corpo presente no mesmo local.  O vel\u00f3rio permanecer\u00e1 at\u00e9 amanh\u00e3. De l\u00e1 segue para o Cemit\u00e9rio da cidade.<\/p>\n","protected":false},"excerpt":{"rendered":"<p>A fam\u00edlia do cantor Dejinha de Monteiro definiu a programa\u00e7\u00e3o do vel\u00f3rio e sepultamento. De acordo com as informa\u00e7\u00f5es da fam\u00edlia, o corpo chegar\u00e1 a&hellip; <\/p>\n","protected":false},"author":1,"featured_media":142358,"comment_status":"closed","ping_status":"closed","sticky":false,"template":"","format":"standard","meta":{"sfsi_plus_gutenberg_text_before_share":"","sfsi_plus_gutenberg_show_text_before_share":"","sfsi_plus_gutenberg_icon_type":"","sfsi_plus_gutenberg_icon_alignemt":"","sfsi_plus_gutenburg_max_per_row":"","footnotes":""},"categories":[50,2],"tags":[],"class_list":["post-142357","post","type-post","status-publish","format-standard","has-post-thumbnail","hentry","category-destaque","category-geral"],"_links":{"self":[{"href":"https:\/\/www.caririemacao.com\/1\/wp-json\/wp\/v2\/posts\/142357","targetHints":{"allow":["GET"]}}],"collection":[{"href":"https:\/\/www.caririemacao.com\/1\/wp-json\/wp\/v2\/posts"}],"about":[{"href":"https:\/\/www.caririemacao.com\/1\/wp-json\/wp\/v2\/types\/post"}],"author":[{"embeddable":true,"href":"https:\/\/www.caririemacao.com\/1\/wp-json\/wp\/v2\/users\/1"}],"replies":[{"embeddable":true,"href":"https:\/\/www.caririemacao.com\/1\/wp-json\/wp\/v2\/comments?post=142357"}],"version-history":[{"count":4,"href":"https:\/\/www.caririemacao.com\/1\/wp-json\/wp\/v2\/posts\/142357\/revisions"}],"predecessor-version":[{"id":142362,"href":"https:\/\/www.caririemacao.com\/1\/wp-json\/wp\/v2\/posts\/142357\/revisions\/142362"}],"wp:featuredmedia":[{"embeddable":true,"href":"https:\/\/www.caririemacao.com\/1\/wp-json\/wp\/v2\/media\/142358"}],"wp:attachment":[{"href":"https:\/\/www.caririemacao.com\/1\/wp-json\/wp\/v2\/media?parent=142357"}],"wp:term":[{"taxonomy":"category","embeddable":true,"href":"https:\/\/www.caririemacao.com\/1\/wp-json\/wp\/v2\/categories?post=142357"},{"taxonomy":"post_tag","embeddable":true,"href":"https:\/\/www.caririemacao.com\/1\/wp-json\/wp\/v2\/tags?post=142357"}],"curies":[{"name":"wp","href":"https:\/\/api.w.org\/{rel}","templated":true}]}}