{"id":142364,"date":"2019-12-23T07:23:20","date_gmt":"2019-12-23T10:23:20","guid":{"rendered":"http:\/\/www.caririemacao.com\/1\/?p=142364"},"modified":"2019-12-23T07:23:20","modified_gmt":"2019-12-23T10:23:20","slug":"o-globo-ministro-do-stj-que-soltou-rc-deve-rezar-para-nao-sofrer-delacao","status":"publish","type":"post","link":"https:\/\/www.caririemacao.com\/1\/2019\/12\/23\/o-globo-ministro-do-stj-que-soltou-rc-deve-rezar-para-nao-sofrer-delacao\/","title":{"rendered":"O Globo: ministro do STJ que soltou RC deve rezar para n\u00e3o sofrer dela\u00e7\u00e3o"},"content":{"rendered":"\n<p>O colunista Lauro Jardim, do jornal O Globo, publicou uma nota tratando da soltura do ex-governador Ricardo Coutinho (PSB-PB), neste s\u00e1bado, em fun\u00e7\u00e3o de decis\u00e3o do Superior Tribunal de Justi\u00e7a (STJ).<\/p>\n\n\n\n<p>Conforme a nota, \u201cse&nbsp;Napole\u00e3o Nunes Maia, ministro do STJ, pudesse fazer um pedido ao Papai Noel, seria para o ex-procurador-geral da Para\u00edba Gilberto Carneiro, preso na opera\u00e7\u00e3o que levou Ricardo Coutinho para a cadeia, n\u00e3o resolva delatar.<\/p>\n\n\n\n<p>*Com informa\u00e7\u00f5es do jornal OGlobo<\/p>\n","protected":false},"excerpt":{"rendered":"<p>O colunista Lauro Jardim, do jornal O Globo, publicou uma nota tratando da soltura do ex-governador Ricardo Coutinho (PSB-PB), neste s\u00e1bado, em fun\u00e7\u00e3o de decis\u00e3o&hellip; <\/p>\n","protected":false},"author":1,"featured_media":142367,"comment_status":"closed","ping_status":"closed","sticky":false,"template":"","format":"standard","meta":{"sfsi_plus_gutenberg_text_before_share":"","sfsi_plus_gutenberg_show_text_before_share":"","sfsi_plus_gutenberg_icon_type":"","sfsi_plus_gutenberg_icon_alignemt":"","sfsi_plus_gutenburg_max_per_row":"","footnotes":""},"categories":[11],"tags":[],"class_list":["post-142364","post","type-post","status-publish","format-standard","has-post-thumbnail","hentry","category-politica"],"_links":{"self":[{"href":"https:\/\/www.caririemacao.com\/1\/wp-json\/wp\/v2\/posts\/142364","targetHints":{"allow":["GET"]}}],"collection":[{"href":"https:\/\/www.caririemacao.com\/1\/wp-json\/wp\/v2\/posts"}],"about":[{"href":"https:\/\/www.caririemacao.com\/1\/wp-json\/wp\/v2\/types\/post"}],"author":[{"embeddable":true,"href":"https:\/\/www.caririemacao.com\/1\/wp-json\/wp\/v2\/users\/1"}],"replies":[{"embeddable":true,"href":"https:\/\/www.caririemacao.com\/1\/wp-json\/wp\/v2\/comments?post=142364"}],"version-history":[{"count":1,"href":"https:\/\/www.caririemacao.com\/1\/wp-json\/wp\/v2\/posts\/142364\/revisions"}],"predecessor-version":[{"id":142368,"href":"https:\/\/www.caririemacao.com\/1\/wp-json\/wp\/v2\/posts\/142364\/revisions\/142368"}],"wp:featuredmedia":[{"embeddable":true,"href":"https:\/\/www.caririemacao.com\/1\/wp-json\/wp\/v2\/media\/142367"}],"wp:attachment":[{"href":"https:\/\/www.caririemacao.com\/1\/wp-json\/wp\/v2\/media?parent=142364"}],"wp:term":[{"taxonomy":"category","embeddable":true,"href":"https:\/\/www.caririemacao.com\/1\/wp-json\/wp\/v2\/categories?post=142364"},{"taxonomy":"post_tag","embeddable":true,"href":"https:\/\/www.caririemacao.com\/1\/wp-json\/wp\/v2\/tags?post=142364"}],"curies":[{"name":"wp","href":"https:\/\/api.w.org\/{rel}","templated":true}]}}