{"id":142384,"date":"2019-12-23T07:28:59","date_gmt":"2019-12-23T10:28:59","guid":{"rendered":"http:\/\/www.caririemacao.com\/1\/?p=142384"},"modified":"2019-12-23T07:28:59","modified_gmt":"2019-12-23T10:28:59","slug":"o-que-o-presidente-bolsonaro-prioriza-em-suas-lives-semanais","status":"publish","type":"post","link":"https:\/\/www.caririemacao.com\/1\/2019\/12\/23\/o-que-o-presidente-bolsonaro-prioriza-em-suas-lives-semanais\/","title":{"rendered":"O que o presidente Bolsonaro prioriza em suas lives semanais"},"content":{"rendered":"\n<p>Queda da taxa de juros, pre\u00e7o da carne e vantagens do porte de armas foram alguns dos temas que o presidente Jair Bolsonaro destacou em suas transmiss\u00f5es semanais feitas via rede social.<\/p>\n\n\n\n<p>A Folha de S.Paulo usou modelo estat\u00edstico para categorizar os principais assuntos presentes nessas 12 horas e 30 minutos de transmiss\u00f5es, que come\u00e7aram em mar\u00e7o e t\u00eam dura\u00e7\u00e3o pr\u00f3xima de 20 minutos cada uma.<\/p>\n\n\n\n<p>Transcritos, os v\u00eddeos geraram mais de 102 mil palavras. Em cerca de 20% do tempo as transmiss\u00f5es abordaram temas relacionados \u00e0 economia e, em patamar semelhante, outros ligados \u00e0 seguran\u00e7a.<\/p>\n\n\n\n<p>Depois aparecem, na casa dos 10% do tempo cada um, assuntos do Legislativo, imprensa, ambiente, rela\u00e7\u00f5es internacionais, desenvolvimento tecnol\u00f3gico e infraestrutura.<\/p>\n\n\n\n<p>Em rela\u00e7\u00e3o \u00e0 economia, houve a celebra\u00e7\u00e3o de dados positivos no setor, como crescimento econ\u00f4mico e queda na taxa de juros. Os v\u00eddeos de Bolsonaro tamb\u00e9m abordaram temas como a queda da infla\u00e7\u00e3o e a recente alta do pre\u00e7o da carne (na transmiss\u00e3o da semana passada, ele disse que o valor deve cair).<\/p>\n\n\n\n<p>Entre os assuntos relacionados \u00e0 seguran\u00e7a, Bolsonaro defendeu seus projetos para ampliar a possibilidade de posse e de porte de armas e parabenizou medidas do ministro da Justi\u00e7a, Sergio Moro.<\/p>\n\n\n\n<p>Um dos afagos ao ministro foi feito quando Moro anunciou que recursos do Fundo Penitenci\u00e1rio Nacional poderiam ser usados para constru\u00e7\u00e3o de pres\u00eddios. \u201cDou gra\u00e7as a Deus de t\u00ea-lo no nosso governo\u201d, disse, em junho.<\/p>\n\n\n\n<p>As transmiss\u00f5es (as chamadas lives) s\u00e3o feitas \u00e0s quintas, no come\u00e7o da noite, via Facebook. Elas s\u00e3o simples. Bolsonaro est\u00e1 sempre sentado em uma mesa, em geral com um ou mais convidados e um int\u00e9rprete de libras (\u201cordem da senhora Michelle Bolsonaro\u201d, segundo disse o presidente).<\/p>\n\n\n\n<p>Apenas uma c\u00e2mera faz a transmiss\u00e3o, e \u00e0s vezes o sinal cai. \u00c9 poss\u00edvel ouvir vozes de pessoas fora do v\u00eddeo falando sobre problemas t\u00e9cnicos (\u201ccaiu a internet\u201d, disse algu\u00e9m em 20 de junho).<\/p>\n\n\n\n<p>Na primeira transmiss\u00e3o, em mar\u00e7o, Bolsonaro disse que faria as lives para falar sobre \u201cos assuntos mais importantes da semana\u201d, tirar d\u00favidas e dar uma resposta \u00e0 demanda de seus seguidores.<\/p>\n\n\n\n<p>As lives s\u00e3o feitas em locais distintos, conforme a agenda do presidente. Houve transmiss\u00f5es em Bras\u00edlia, S\u00e3o Paulo, Cambori\u00fa e em outros pa\u00edses.<\/p>\n\n\n\n<p>O tom \u00e9 informal. O presidente fala de improviso, seguindo apenas t\u00f3picos que leva anotado em folhas, que vai riscando ao longo da live.<\/p>\n\n\n\n<p>Cr\u00edticas \u00e0 imprensa e \u00e0 esquerda permeiam coment\u00e1rios sobre outros temas. E h\u00e1 elogios a aliados, como ao empres\u00e1rio Luciano Hang.<\/p>\n\n\n\n<p>Para analisar as mais de 12 horas de transmiss\u00e3o, a reportagem utilizou modelo estat\u00edstico que agrupa trechos da transmiss\u00e3o conforme a similaridade entre as palavras.<\/p>\n\n\n\n<p>O modelo entende, por exemplo, que termos como \u201ctaxa de juros\u201d, \u201cinfla\u00e7\u00e3o\u201d ou \u201cinvestimento\u201d est\u00e3o relacionados (grupo que a reportagem chamou de economia).<\/p>\n\n\n\n<p>\u201cPosse de arma\u201d, \u201cseguran\u00e7a para o cidad\u00e3o\u201d e \u201cJusti\u00e7a\u201d ficam em outro grupo (denominado seguran\u00e7a). O modelo indica a chance de determinado trecho estar relacionado a um grupo tem\u00e1tico ou outro.<\/p>\n","protected":false},"excerpt":{"rendered":"<p>Queda da taxa de juros, pre\u00e7o da carne e vantagens do porte de armas foram alguns dos temas que o presidente Jair Bolsonaro destacou em&hellip; <\/p>\n","protected":false},"author":1,"featured_media":142385,"comment_status":"closed","ping_status":"closed","sticky":false,"template":"","format":"standard","meta":{"sfsi_plus_gutenberg_text_before_share":"","sfsi_plus_gutenberg_show_text_before_share":"","sfsi_plus_gutenberg_icon_type":"","sfsi_plus_gutenberg_icon_alignemt":"","sfsi_plus_gutenburg_max_per_row":"","footnotes":""},"categories":[11],"tags":[],"class_list":["post-142384","post","type-post","status-publish","format-standard","has-post-thumbnail","hentry","category-politica"],"_links":{"self":[{"href":"https:\/\/www.caririemacao.com\/1\/wp-json\/wp\/v2\/posts\/142384","targetHints":{"allow":["GET"]}}],"collection":[{"href":"https:\/\/www.caririemacao.com\/1\/wp-json\/wp\/v2\/posts"}],"about":[{"href":"https:\/\/www.caririemacao.com\/1\/wp-json\/wp\/v2\/types\/post"}],"author":[{"embeddable":true,"href":"https:\/\/www.caririemacao.com\/1\/wp-json\/wp\/v2\/users\/1"}],"replies":[{"embeddable":true,"href":"https:\/\/www.caririemacao.com\/1\/wp-json\/wp\/v2\/comments?post=142384"}],"version-history":[{"count":1,"href":"https:\/\/www.caririemacao.com\/1\/wp-json\/wp\/v2\/posts\/142384\/revisions"}],"predecessor-version":[{"id":142386,"href":"https:\/\/www.caririemacao.com\/1\/wp-json\/wp\/v2\/posts\/142384\/revisions\/142386"}],"wp:featuredmedia":[{"embeddable":true,"href":"https:\/\/www.caririemacao.com\/1\/wp-json\/wp\/v2\/media\/142385"}],"wp:attachment":[{"href":"https:\/\/www.caririemacao.com\/1\/wp-json\/wp\/v2\/media?parent=142384"}],"wp:term":[{"taxonomy":"category","embeddable":true,"href":"https:\/\/www.caririemacao.com\/1\/wp-json\/wp\/v2\/categories?post=142384"},{"taxonomy":"post_tag","embeddable":true,"href":"https:\/\/www.caririemacao.com\/1\/wp-json\/wp\/v2\/tags?post=142384"}],"curies":[{"name":"wp","href":"https:\/\/api.w.org\/{rel}","templated":true}]}}