{"id":142398,"date":"2019-12-23T08:32:16","date_gmt":"2019-12-23T11:32:16","guid":{"rendered":"http:\/\/www.caririemacao.com\/1\/?p=142398"},"modified":"2019-12-23T08:32:16","modified_gmt":"2019-12-23T11:32:16","slug":"presidente-da-caixa-economica-sinaliza-mais-corte-nos-juros","status":"publish","type":"post","link":"https:\/\/www.caririemacao.com\/1\/2019\/12\/23\/presidente-da-caixa-economica-sinaliza-mais-corte-nos-juros\/","title":{"rendered":"Presidente da Caixa Econ\u00f4mica sinaliza mais corte nos juros"},"content":{"rendered":"\n<p>Prestes a completar um ano \u00e0 frente da Caixa Econ\u00f4mica Federal, Pedro Guimar\u00e3es afirma que banco estatal s\u00f3 faz sentido enquanto tiver fun\u00e7\u00e3o social, como estar presente em todos os munic\u00edpios do pa\u00eds -uma marca que almeja alcan\u00e7ar no primeiro trimestre de 2020- e atuar na execu\u00e7\u00e3o de programas da pol\u00edtica p\u00fablica do governo.<\/p>\n\n\n\n<p>Em entrevista \u00e0 reportagem, afirmou que, dentro dessa perspectiva, a Caixa ter\u00e1 rentabilidade menor que a de grandes institui\u00e7\u00f5es privadas brasileiras, sem por\u00e9m, deixar de lado o mantra de atuar como banco da matem\u00e1tica sustent\u00e1vel.<\/p>\n\n\n\n<p>Orgulhoso das viagens que fez ao longo de 40 finais de semana a diferentes estados do pa\u00eds, ele afirma que agora conhece a realidade da Caixa e que \u00e9 imposs\u00edvel separar a institui\u00e7\u00e3o social do banco comercial.<\/p>\n\n\n\n<p>Disse ainda que continuar\u00e1 a reduzir os juros. A Caixa vem promovendo sucessivos cortes em suas taxas, com destaque para as do cheque especial, que foram reduzidas para 4,95% ao m\u00eas, enquanto o mercado cobra, em m\u00e9dia, 12,4%. \u201cA pergunta que fiz \u00e9: j\u00e1 que quer cobrar o que quiser, por que n\u00e3o cobra 1.000% ao m\u00eas?\u201d<\/p>\n\n\n\n<p>Guimar\u00e3es afirmou ainda que n\u00e3o v\u00ea como problema o atraso no primeiro calend\u00e1rio de abertura de capital das subsidi\u00e1rias e que isso pode at\u00e9 ser positivo, porque a Caixa tende a encontrar uma Bolsa forte, impulsionada pela retomada da economia.<\/p>\n\n\n\n<figure class=\"wp-block-image\"><img decoding=\"async\" data-src=\"https:\/\/paraibaonline.com.br\/wp-content\/uploads\/2019\/09\/PEDRO-GUIMARAES-567x378.jpg\" alt=\"\" class=\"wp-image-762283 lazyload\" src=\"data:image\/svg+xml;base64,PHN2ZyB3aWR0aD0iMSIgaGVpZ2h0PSIxIiB4bWxucz0iaHR0cDovL3d3dy53My5vcmcvMjAwMC9zdmciPjwvc3ZnPg==\" style=\"--smush-placeholder-width: 567px; --smush-placeholder-aspect-ratio: 567\/378;\" \/><\/figure>\n\n\n\n<p>Foto: ABr<\/p>\n\n\n\n<p>Pergunta \u2013 O sr. defendia a privatiza\u00e7\u00e3o da Caixa. As viagens pelo pa\u00eds, visitando ag\u00eancias, mudaram a forma como o sr. v\u00ea a institui\u00e7\u00e3o?<\/p>\n\n\n\n<p>Pedro Guimar\u00e3es \u2013 A minha tese de doutorado \u00e9 sobre privatiza\u00e7\u00e3o. Eu participei da maior de todas, que foi a do Banespa. Ao mesmo tempo, eu nunca tive d\u00favida da for\u00e7a da institui\u00e7\u00e3o estatal, s\u00f3 que a gente percebia, de fora, que a Caixa tinha sido usada e que muita coisa precisava ser mudada.<\/p>\n\n\n\n<p>Mas seu plano inicial era privatizar a Caixa?<\/p>\n\n\n\n<p>PG \u2013 N\u00e3o. Eu sempre falei das privatiza\u00e7\u00f5es em geral, n\u00e3o falava de nada espec\u00edfico a nenhuma institui\u00e7\u00e3o. E o presidente da Rep\u00fablica [Jair Bolsonaro] sempre falou, quando a gente estava no governo de transi\u00e7\u00e3o, que com Banco do Brasil, Caixa e Petrobras n\u00e3o se brinca.<\/p>\n\n\n\n<p>O sr. conhecia a Caixa quando assumiu o cargo?<\/p>\n\n\n\n<p>PG \u2013 Nem eu e nem ningu\u00e9m. A Caixa \u00e9 mais do que um banco. Eu vejo v\u00e1rias pessoas dizendo que tem que separar o banco social do comercial, e isso n\u00e3o existe. A Caixa \u00e9 uma coisa s\u00f3.<\/p>\n\n\n\n<p>No come\u00e7o, 100% das pessoas estavam esperando que eu privatizasse a Caixa e 100% esperando que eu n\u00e3o ficasse um dia [no banco].<\/p>\n\n\n\n<p>Mas, ap\u00f3s esse primeiro ano, eu realmente percebi que esse posto em que estou vai al\u00e9m de fazer o IPO (abertura inicial de oferta de a\u00e7\u00f5es) da Caixa Seguridade, que \u00e9 fundamental. Percebi que com essa institui\u00e7\u00e3o \u00e9 poss\u00edvel ajudar a pessoa mais carente.<\/p>\n\n\n\n<p>A Caixa vem fazendo cortes de juros mais agressivos que os dos bancos privados. Qual \u00e9 a diferen\u00e7a da redu\u00e7\u00e3o de juros que a Caixa fez no cheque especial para a redu\u00e7\u00e3o for\u00e7ada no governo Dilma Rousseff?<\/p>\n\n\n\n<p>PG \u2013 Ningu\u00e9m est\u00e1 me for\u00e7ando. A diferen\u00e7a \u00e9 que n\u00e3o estamos baixando nas empresas, \u00e1rea que teve maior problema [na \u00e9poca]. Eu acredito que tem espa\u00e7o para cortar mais, mas n\u00f3s n\u00e3o vamos diminuir se o nosso custo n\u00e3o diminuir.<\/p>\n\n\n\n<p>A pergunta que eu fiz \u00e9: j\u00e1 que quer cobrar o que quiser, por que n\u00e3o cobra 1.000% ao m\u00eas?<\/p>\n\n\n\n<p>O juro tem tr\u00eas vari\u00e1veis: a taxa, o \u00edndice de inadimpl\u00eancia e o tamanho da carteira. Dado que o \u00edndice de inadimpl\u00eancia \u00e9 muito elevado cobrando 14% ao m\u00eas [no cheque especial], a nossa aposta \u00e9 que cobrando 4,95% ele reduza muito. E isso pode levar a termos uma carteira um pouco maior. Essa \u00e9 a matem\u00e1tica que adotamos, e vamos ver qual vai ser o resultado.<\/p>\n\n\n\n<p>O Banco Central decidiu impor um teto de juros para o cheque especial, autorizando a cobran\u00e7a de tarifa do consumidor. N\u00e3o \u00e9 incoerente para um governo liberal?<\/p>\n\n\n\n<p>PG \u2013 Sou amigo do Roberto [Campos Neto, presidente do Banco Central] h\u00e1 30 anos. Ele \u00e9 uma excelente pessoa, um excelente t\u00e9cnico e algu\u00e9m que est\u00e1 revolucionando o Banco Central.<\/p>\n\n\n\n<p>Est\u00e1 jogando muito com a quest\u00e3o de tecnologia. Eu prefiro n\u00e3o falar porque eu n\u00e3o posso comentar uma decis\u00e3o do regulador.<br>Do nosso ponto de vista, o que eu posso dizer \u00e9 que n\u00e3o tem impacto porque estamos em 4,95% [o teto ser\u00e1 de 8%].<\/p>\n\n\n\n<p>A Caixa vai cobrar a tarifa no cheque especial?<\/p>\n\n\n\n<p>PG \u2013 N\u00e3o. Estou muito mais para reduzir os 4,95% [dos juros] do que pra cobrar fee [taxa]. Eu quero ver, se for o que n\u00f3s projetamos, se a gente reduz mais a taxa. Em mais dois ou tr\u00eas meses eu tento fazer uma revis\u00e3o.<\/p>\n\n\n\n<p>Quando a Dilma pressionou pela redu\u00e7\u00e3o dos juros nos bancos p\u00fablicos, a cr\u00edtica foi a redu\u00e7\u00e3o de rentabilidade deles.<\/p>\n\n\n\n<p>PG \u2013 Porque n\u00e3o era 18% [de rentabilidade], era zero. N\u00e3o tinha lucro, n\u00e3o tinha patrim\u00f4nio. Por que teve que colocar R$ 40 bilh\u00f5es de IHCD [Instrumento H\u00edbrido de Capital e D\u00edvida, usado pelo governo para capitalizar bancos p\u00fablicos] na Caixa? Porque o banco n\u00e3o tinha dinheiro. Isso n\u00e3o vai acontecer agora.<\/p>\n\n\n\n<p>Todas as contas que n\u00f3s fazemos d\u00e3o um bom resultado. Por que n\u00f3s n\u00e3o teremos os 18% do Bradesco e do Ita\u00fa? Porque estaremos em todos os munic\u00edpios.<\/p>\n\n\n\n<p>Qual vai ser a rentabilidade da Caixa ent\u00e3o?<\/p>\n\n\n\n<p>PG \u2013 15%, que ainda \u00e9 tr\u00eas vezes a Selic [a taxa b\u00e1sica de juros, que est\u00e1 atualmente em 4,50% ao ano]. E boa para um banco social.<\/p>\n\n\n\n<p>Ent\u00e3o a Caixa vai ter mesmo rentabilidade menor que a dos demais bancos brasileiros?<\/p>\n\n\n\n<p>PG \u2013 A quest\u00e3o \u00e9 a seguinte: o que \u00e9 maximizar o retorno? N\u00f3s somos um banco social. Se for para maximizar resultado financeiro, n\u00e3o era para eu estar nos 5.570 munic\u00edpios.<\/p>\n\n\n\n<p>Mas voc\u00eas tamb\u00e9m est\u00e3o fechando ag\u00eancias.<\/p>\n\n\n\n<p>PG \u2013 A gente vai abrir mil pontos de venda: 30 ag\u00eancias, 700 lot\u00e9ricas e 270 correspondentes banc\u00e1rios exclusivos. N\u00f3s faremos uma an\u00e1lise. Nunca fecharemos numa cidade que s\u00f3 tem uma ou duas ag\u00eancias banc\u00e1rias.<\/p>\n\n\n\n<p>Mesmo que a ag\u00eancia seja deficit\u00e1ria?<\/p>\n\n\n\n<p>PG \u2013 Temos uma quest\u00e3o social diante de n\u00f3s. A gente recebe para fazer a gest\u00e3o do FGTS, ent\u00e3o isso seria deficit\u00e1rio em que sentido?<\/p>\n\n\n\n<p>Outra quest\u00e3o muito importante: por que a gente se manteve com a gest\u00e3o do FGTS? Porque a Caixa \u00e9 um banco social. Quem est\u00e1 pagando o Bolsa Fam\u00edlia \u00e9 a Caixa. O dia em que n\u00f3s n\u00e3o formos um banco social, como defender que seja estatal?<\/p>\n\n\n\n<p>A Caixa vai lan\u00e7ar cr\u00e9dito imobili\u00e1rio prefixado?<\/p>\n\n\n\n<p>PG \u2013 Vamos lan\u00e7ar at\u00e9 mar\u00e7o o cr\u00e9dito prefixado, que significa sem TR [taxa referencial], sem IPCA [infla\u00e7\u00e3o], nem nada. Ter\u00e1 empr\u00e9stimos de 30, 35 anos pagando taxa fixa. Isso para n\u00f3s, brasileiros, vai ser uma revolu\u00e7\u00e3o.<\/p>\n\n\n\n<p>Eu acho que o cr\u00e9dito com IPCA j\u00e1 foi uma mudan\u00e7a grande, mas o pr\u00e9 vai pegar tanto compradores do IPCA quanto da TR, porque \u00e9 um seguro.<\/p>\n\n\n\n<p>Qual vai ser a taxa de juro desse novo cr\u00e9dito? Vai ser mais caro que o cr\u00e9dito atual?<\/p>\n\n\n\n<p>PG \u2013 A taxa de juro eu posso falar s\u00f3 em mar\u00e7o, mas n\u00e3o pode ser nunca igual [\u00e0s linhas existentes] porque o p\u00f3s exatamente tem um TR ou um IPCA porque h\u00e1 um custo de hedge [prote\u00e7\u00e3o]. Ent\u00e3o, se daqui a 5, 10, 15, 20 anos [a economia] degringolar, eu vou estar defendido.<\/p>\n\n\n\n<p>A Caixa quer entrar no setor de maquininhas agora que a concorr\u00eancia est\u00e1 acirrada e as margens de lucro foram espremidas. Faz sentido neste momento?<\/p>\n\n\n\n<p>PG \u2013 Sim, [a margem] \u00e9 maior do que zero. O problema \u00e9 que hoje a gente ganha zero. Entrar agora \u00e9 melhor do que n\u00e3o entrar nunca.<\/p>\n\n\n\n<p>Eu vou entrar fazendo parceria com alguma entidade privada que j\u00e1 est\u00e1 na terceira ou quarta derivada [fase de desenvolvimento do neg\u00f3cio]. Porque, se eu for tentar entrar agora, eu vou estar sempre tr\u00eas passos atr\u00e1s.<\/p>\n\n\n\n<p>A Caixa vai passar a atuar em microcr\u00e9dito, que est\u00e1 sendo incentivado pelo governo?<\/p>\n\n\n\n<p>PG \u2013 \u00c9 uma meta de dez anos, mas a gente quer ter 30 milh\u00f5es de pessoas com microcr\u00e9dito. \u00c9 importante porque a gente n\u00e3o pode fazer um microcr\u00e9dito com voo de galinha. Devo ir para \u00cdndia e China para olhar um pouco dessas experi\u00eancias l\u00e1, o pessoal est\u00e1 interessado em fazer parceria conosco.<\/p>\n\n\n\n<p>Se eu tiver uma tecnologia que j\u00e1 funciona e com o nome da Caixa, acabou. O cliente que vai tomar o microcr\u00e9dito \u00e9 exatamente o nosso cliente, que j\u00e1 vai \u00e0 Caixa pegar o Bolsa Fam\u00edlia.<\/p>\n\n\n\n<p>A Caixa j\u00e1 mudou o suficiente para atrair investidores em IPOs [abertura de capital em Bolsa de Valores] das subsidi\u00e1rias de seguros e cart\u00f5es?<\/p>\n\n\n\n<p>PG \u2013 S\u00f3 o que eu ou\u00e7o de funcion\u00e1rio querendo entrar [na oferta], de pessoas querendo colocar [dinheiro].<\/p>\n\n\n\n<p>Quem \u00e9 cliente confia. N\u00f3s vamos fazer, nessa opera\u00e7\u00e3o, conversa com clientes pelo Brasil inteiro porque essa \u00e9 uma maneira de vender a revolu\u00e7\u00e3o que est\u00e1 sendo feita.<\/p>\n\n\n\n<p>Por que o calend\u00e1rio de IPOs anunciado atrasou?<\/p>\n\n\n\n<p>PG \u2013 A gente acha que atrasou seis meses tudo. No primeiro semestre, meu foco maior era tirar a ressalva do balan\u00e7o do banco [questionamentos que eram feitos pela auditoria], fazer a venda daquelas maluquices [participa\u00e7\u00f5es que o banco tinha em outras empresas, como Petrobras], estar muito pr\u00f3ximo dos clientes e dos funcion\u00e1rios.<\/p>\n\n\n\n<p>Neste segundo semestre \u00e9 que ficou mais focado nessas opera\u00e7\u00f5es de IPO. Por outro lado, acho at\u00e9 que o timing est\u00e1 perfeito, porque a gente vai abrir o capital em uma Bolsa muito forte, com uma retomada da economia que n\u00f3s j\u00e1 vemos.<\/p>\n\n\n\n<p><strong>RAIO-X DA CAIXA<\/strong><br>R$ 8 bilh\u00f5es: foi o lucro l\u00edquido da Caixa no 3\u00ba trimestre<br>R$ 456 bilh\u00f5es: \u00e9 o tamanho da carteira de cr\u00e9dito habitacional, que cresceu 3,6% na compara\u00e7\u00e3o com igual per\u00edodo de 2018<br>85.086: \u00e9 o n\u00famero de funcion\u00e1rios da Caixa<br>4,95%: \u00e9 a taxa de juro do cheque especial da Caixa, abaixo da m\u00e9dia de 12,4% cobrada pelos demais bancos do pa\u00eds<br>2,38%: \u00e9 o percentual de inadimpl\u00eancia registrado pelo banco no terceiro trimestre deste ano, menor do que a m\u00e9dia do mercado no per\u00edodo.<\/p>\n\n\n\n<p><\/p>\n\n\n\n<p>FOLHA PRESS<\/p>\n","protected":false},"excerpt":{"rendered":"<p>Prestes a completar um ano \u00e0 frente da Caixa Econ\u00f4mica Federal, Pedro Guimar\u00e3es afirma que banco estatal s\u00f3 faz sentido enquanto tiver fun\u00e7\u00e3o social, como&hellip; <\/p>\n","protected":false},"author":1,"featured_media":142400,"comment_status":"closed","ping_status":"closed","sticky":false,"template":"","format":"standard","meta":{"sfsi_plus_gutenberg_text_before_share":"","sfsi_plus_gutenberg_show_text_before_share":"","sfsi_plus_gutenberg_icon_type":"","sfsi_plus_gutenberg_icon_alignemt":"","sfsi_plus_gutenburg_max_per_row":"","footnotes":""},"categories":[2],"tags":[],"class_list":["post-142398","post","type-post","status-publish","format-standard","has-post-thumbnail","hentry","category-geral"],"_links":{"self":[{"href":"https:\/\/www.caririemacao.com\/1\/wp-json\/wp\/v2\/posts\/142398","targetHints":{"allow":["GET"]}}],"collection":[{"href":"https:\/\/www.caririemacao.com\/1\/wp-json\/wp\/v2\/posts"}],"about":[{"href":"https:\/\/www.caririemacao.com\/1\/wp-json\/wp\/v2\/types\/post"}],"author":[{"embeddable":true,"href":"https:\/\/www.caririemacao.com\/1\/wp-json\/wp\/v2\/users\/1"}],"replies":[{"embeddable":true,"href":"https:\/\/www.caririemacao.com\/1\/wp-json\/wp\/v2\/comments?post=142398"}],"version-history":[{"count":1,"href":"https:\/\/www.caririemacao.com\/1\/wp-json\/wp\/v2\/posts\/142398\/revisions"}],"predecessor-version":[{"id":142401,"href":"https:\/\/www.caririemacao.com\/1\/wp-json\/wp\/v2\/posts\/142398\/revisions\/142401"}],"wp:featuredmedia":[{"embeddable":true,"href":"https:\/\/www.caririemacao.com\/1\/wp-json\/wp\/v2\/media\/142400"}],"wp:attachment":[{"href":"https:\/\/www.caririemacao.com\/1\/wp-json\/wp\/v2\/media?parent=142398"}],"wp:term":[{"taxonomy":"category","embeddable":true,"href":"https:\/\/www.caririemacao.com\/1\/wp-json\/wp\/v2\/categories?post=142398"},{"taxonomy":"post_tag","embeddable":true,"href":"https:\/\/www.caririemacao.com\/1\/wp-json\/wp\/v2\/tags?post=142398"}],"curies":[{"name":"wp","href":"https:\/\/api.w.org\/{rel}","templated":true}]}}