{"id":142410,"date":"2019-12-23T08:36:11","date_gmt":"2019-12-23T11:36:11","guid":{"rendered":"http:\/\/www.caririemacao.com\/1\/?p=142410"},"modified":"2019-12-23T08:36:11","modified_gmt":"2019-12-23T11:36:11","slug":"neurocirurgioes-realizam-endoscopia-de-coluna-no-hospital-universitario","status":"publish","type":"post","link":"https:\/\/www.caririemacao.com\/1\/2019\/12\/23\/neurocirurgioes-realizam-endoscopia-de-coluna-no-hospital-universitario\/","title":{"rendered":"Neurocirurgi\u00f5es realizam endoscopia de coluna no Hospital Universit\u00e1rio"},"content":{"rendered":"\n<p><br>OHospital Universit\u00e1rio Lauro Wanderley, da Universidade Federal da Para\u00edba e vinculado \u00e0 Rede Ebserh, realizou cirurgia endosc\u00f3pica de coluna na institui\u00e7\u00e3o, nova t\u00e9cnica para tratar doen\u00e7as na coluna, a exemplo de h\u00e9rnia de disco. O procedimento aconteceu no bloco cir\u00fargico do HULW.<\/p>\n\n\n\n<p>A principal diferen\u00e7a entre a cirurgia com endosc\u00f3pio e a convencional \u00e9 que, no primeiro caso, o cirurgi\u00e3o consegue visualizar, por meio de uma c\u00e2mera acoplada ao sistema, o local exato da doen\u00e7a atrav\u00e9s de monitores de alta defini\u00e7\u00e3o. Al\u00e9m disso, na endoscopia, o tempo de procedimento \u00e9 reduzido e a t\u00e9cnica \u00e9 minimamente invasiva.<\/p>\n\n\n\n<p>A paciente de 44 anos beneficiada com a endoscopia de coluna recorreu ao ambulat\u00f3rio de Neurocirurgia do HULW se queixando de dores na regi\u00e3o da coxa e perna esquerdas devido a uma h\u00e9rnia de disco.&nbsp;Ela reside em um munic\u00edpio do interior do Estado.<\/p>\n\n\n\n<p>\u201cA paciente apresentava quadro de dor lombar irradiada para o membro inferior esquerdo (lombociatalgia). As manifesta\u00e7\u00f5es cl\u00ednicas eram decorrentes de h\u00e9rnia de disco lombar no n\u00edvel L4\/L5\u201d, detalhou a neurocirurgi\u00e3 do Hospital, Juliete Diniz.<\/p>\n\n\n\n<p>A equipe informou que o procedimento, que aconteceu no dia 29 de novembro, foi r\u00e1pido e a paciente teve alta no dia seguinte, tempo de interna\u00e7\u00e3o menor do que o estimado nos casos de cirurgia tradicional de coluna (microdiscectomia), o qual gira em torno de dois dias desde que n\u00e3o haja complica\u00e7\u00f5es.<\/p>\n\n\n\n<p>\u201cA cirurgia foi realizada com sucesso, sem intercorr\u00eancias. A paciente referiu al\u00edvio imediato da dor. Foi para a enfermaria e recebeu alta hospitalar no dia subsequente\u201d, afirmaram.<\/p>\n\n\n\n<figure class=\"wp-block-image\"><img decoding=\"async\" data-src=\"https:\/\/paraibaonline.com.br\/wp-content\/uploads\/2019\/12\/Endoscopia-de-Coluna-567x378.jpg\" alt=\"Foto: Ascom\" class=\"wp-image-826832 lazyload\" src=\"data:image\/svg+xml;base64,PHN2ZyB3aWR0aD0iMSIgaGVpZ2h0PSIxIiB4bWxucz0iaHR0cDovL3d3dy53My5vcmcvMjAwMC9zdmciPjwvc3ZnPg==\" style=\"--smush-placeholder-width: 567px; --smush-placeholder-aspect-ratio: 567\/378;\" \/><\/figure>\n\n\n\n<p>Foto: Ascom<\/p>\n\n\n\n<p>Outra diferen\u00e7a deste tipo de procedimento, al\u00e9m do tempo menor de interna\u00e7\u00e3o, foi a t\u00e9cnica anest\u00e9sica utilizada.<\/p>\n\n\n\n<p>\u201cO paciente neste caso n\u00e3o foi submetido \u00e0 anestesia geral. Trata-se de um procedimento r\u00e1pido, n\u00e3o desconfort\u00e1vel para o paciente e que permite monitora\u00e7\u00e3o intra-operat\u00f3ria\u201d, definiu. A equipe cir\u00fargica foi composta por Juliete Diniz e Daniel Paz.<\/p>\n\n\n\n<p><strong>Sobre a endoscopia de coluna<\/strong><\/p>\n\n\n\n<p>A m\u00e9dica Juliete Diniz afirmou que a endoscopia de coluna \u00e9 indicada com maior frequ\u00eancia para o tratamento de h\u00e9rnia de disco lombar, podendo ser empregada tamb\u00e9m para tratar outras patologias da coluna, como estenose de canal ou foraminal.<\/p>\n\n\n\n<p>A t\u00e9cnica endosc\u00f3pica oferece algumas vantagens em rela\u00e7\u00e3o \u00e0 t\u00e9cnica tradicional: procedimento menos invasivo, provoca menor les\u00e3o tecidual, menor tempo gasto durante a cirurgia, menos dor p\u00f3s-operat\u00f3ria, reabilita\u00e7\u00e3o precoce, possibilidade de realiza\u00e7\u00e3o com anestesia local e seda\u00e7\u00e3o e alta hospitalar mais r\u00e1pida.<\/p>\n\n\n\n<p>Segundo o m\u00e9dico Daniel Paz, a t\u00e9cnica tradicional consiste em realizar a incis\u00e3o de cerca de seis cent\u00edmetros na regi\u00e3o lombar, al\u00e9m de dissec\u00e7\u00e3o muscular e remo\u00e7\u00e3o de estruturas \u00f3sseas para acessar o fragmento discal herniado.<\/p>\n\n\n\n<p>\u201cNa t\u00e9cnica endosc\u00f3pica, a incis\u00e3o \u00e9 de menos de um cent\u00edmetro por onde o endosc\u00f3pio \u00e9 inserido, permitindo a remo\u00e7\u00e3o da h\u00e9rnia com preserva\u00e7\u00e3o da musculatura e estrutura \u00f3ssea e ainda assegurando uma recupera\u00e7\u00e3o mais r\u00e1pida da paciente\u201d, frisou.<\/p>\n\n\n\n<p>Principais vantagens do uso do endosc\u00f3pio<\/p>\n\n\n\n<p>Pode ser realizado com anestesia local e seda\u00e7\u00e3o;<br>Incis\u00e3o menor na pele;<br>Menor dano tecidual;<br>Procedimento mais r\u00e1pido;<br>Baixa taxa de infec\u00e7\u00e3o e outras complica\u00e7\u00f5es<br>Reabilita\u00e7\u00e3o precoce<br>Sobre a Ebserh<\/p>\n\n\n\n<p>O Hospital Universit\u00e1rio Lauro Wanderley da Universidade Federal da Para\u00edba (HULW-UFPB) integra a Rede Ebserh desde dezembro de 2013. Estatal vinculada ao Minist\u00e9rio da Educa\u00e7\u00e3o (MEC), a Empresa Brasileira de Servi\u00e7os Hospitalares (Ebserh) administra atualmente 40 hospitais universit\u00e1rios federais.<\/p>\n\n\n\n<p>O objetivo \u00e9, em parceria com as universidades, aperfei\u00e7oar os servi\u00e7os de atendimento \u00e0 popula\u00e7\u00e3o, por meio do Sistema \u00danico de Sa\u00fade (SUS), e promover o ensino e a pesquisa nas unidades filiadas.<\/p>\n\n\n\n<p>A empresa, criada em dezembro de 2011, tamb\u00e9m \u00e9 respons\u00e1vel pela gest\u00e3o do Programa Nacional de Reestrutura\u00e7\u00e3o dos Hospitais Universit\u00e1rios Federais (Rehuf), que contempla a\u00e7\u00f5es em todas as unidades existentes no pa\u00eds, incluindo as n\u00e3o filiadas \u00e0 Ebserh.<\/p>\n","protected":false},"excerpt":{"rendered":"<p>OHospital Universit\u00e1rio Lauro Wanderley, da Universidade Federal da Para\u00edba e vinculado \u00e0 Rede Ebserh, realizou cirurgia endosc\u00f3pica de coluna na institui\u00e7\u00e3o, nova t\u00e9cnica para tratar&hellip; <\/p>\n","protected":false},"author":1,"featured_media":142411,"comment_status":"closed","ping_status":"closed","sticky":false,"template":"","format":"standard","meta":{"sfsi_plus_gutenberg_text_before_share":"","sfsi_plus_gutenberg_show_text_before_share":"","sfsi_plus_gutenberg_icon_type":"","sfsi_plus_gutenberg_icon_alignemt":"","sfsi_plus_gutenburg_max_per_row":"","footnotes":""},"categories":[16],"tags":[],"class_list":["post-142410","post","type-post","status-publish","format-standard","has-post-thumbnail","hentry","category-saude"],"_links":{"self":[{"href":"https:\/\/www.caririemacao.com\/1\/wp-json\/wp\/v2\/posts\/142410","targetHints":{"allow":["GET"]}}],"collection":[{"href":"https:\/\/www.caririemacao.com\/1\/wp-json\/wp\/v2\/posts"}],"about":[{"href":"https:\/\/www.caririemacao.com\/1\/wp-json\/wp\/v2\/types\/post"}],"author":[{"embeddable":true,"href":"https:\/\/www.caririemacao.com\/1\/wp-json\/wp\/v2\/users\/1"}],"replies":[{"embeddable":true,"href":"https:\/\/www.caririemacao.com\/1\/wp-json\/wp\/v2\/comments?post=142410"}],"version-history":[{"count":1,"href":"https:\/\/www.caririemacao.com\/1\/wp-json\/wp\/v2\/posts\/142410\/revisions"}],"predecessor-version":[{"id":142412,"href":"https:\/\/www.caririemacao.com\/1\/wp-json\/wp\/v2\/posts\/142410\/revisions\/142412"}],"wp:featuredmedia":[{"embeddable":true,"href":"https:\/\/www.caririemacao.com\/1\/wp-json\/wp\/v2\/media\/142411"}],"wp:attachment":[{"href":"https:\/\/www.caririemacao.com\/1\/wp-json\/wp\/v2\/media?parent=142410"}],"wp:term":[{"taxonomy":"category","embeddable":true,"href":"https:\/\/www.caririemacao.com\/1\/wp-json\/wp\/v2\/categories?post=142410"},{"taxonomy":"post_tag","embeddable":true,"href":"https:\/\/www.caririemacao.com\/1\/wp-json\/wp\/v2\/tags?post=142410"}],"curies":[{"name":"wp","href":"https:\/\/api.w.org\/{rel}","templated":true}]}}