{"id":142421,"date":"2019-12-23T08:39:54","date_gmt":"2019-12-23T11:39:54","guid":{"rendered":"http:\/\/www.caririemacao.com\/1\/?p=142421"},"modified":"2019-12-23T08:39:54","modified_gmt":"2019-12-23T11:39:54","slug":"prf-tem-ate-esta-segunda-para-retomar-fiscalizacao-por-radares-moveis-em-rodovias-federais","status":"publish","type":"post","link":"https:\/\/www.caririemacao.com\/1\/2019\/12\/23\/prf-tem-ate-esta-segunda-para-retomar-fiscalizacao-por-radares-moveis-em-rodovias-federais\/","title":{"rendered":"PRF tem at\u00e9 esta segunda para retomar fiscaliza\u00e7\u00e3o por radares m\u00f3veis em rodovias federais"},"content":{"rendered":"\n<p>A Pol\u00edcia Rodovi\u00e1ria Federal (PRF) tem at\u00e9 esta segunda-feira (23) para voltar com os radares m\u00f3veis das rodovias federais, segundo determina\u00e7\u00e3o do juiz Marcelo Gentil Monteiro, da 1\u00aa Vara Federal C\u00edvel do Distrito Federal.<\/p>\n\n\n\n<p>No dia 11 de dezembro, o magistrado suspendeu a ordem do governo federal que proibia a utiliza\u00e7\u00e3o dos aparelhos. O prazo fixado inicialmente era de 72 horas e acabou sendo estendido.<\/p>\n\n\n\n<p>O juiz deu prazo at\u00e9 esta segunda para que a PRF tome &#8220;todas as provid\u00eancias para restabelecer integralmente a fiscaliza\u00e7\u00e3o eletr\u00f4nica por meio dos radares est\u00e1ticos, m\u00f3veis e port\u00e1teis nas rodovias federais&#8221;.<\/p>\n\n\n\n<p>Ao G1, a PRF informou que &#8220;j\u00e1 iniciou as tratativas necess\u00e1rias, alinhada com o Minist\u00e9rio da Justi\u00e7a e Seguran\u00e7a P\u00fablica, para efetivar o cumprimento judicial que determina a retomada do uso dos radares nos procedimentos de fiscaliza\u00e7\u00e3o do \u00f3rg\u00e3o&#8221; (veja \u00edntegra abaixo).<\/p>\n\n\n\n<p>O magistrado atendeu a um pedido do Minist\u00e9rio P\u00fablico Federal (MPF), que questionou a portaria assinada pelo presidente Jair Bolsonaro em agosto e que proibia o uso de radares nas rodovias federais.<\/p>\n\n\n\n<p>\u00c0 \u00e9poca, Bolsonaro enviou ao Minist\u00e9rio da Justi\u00e7a ordem para que a PRF suspendesse a utiliza\u00e7\u00e3o dos equipamentos para evitar &#8220;desvirtuamento do car\u00e1ter educativo&#8221; e &#8220;a utiliza\u00e7\u00e3o meramente arrecadat\u00f3ria&#8221;.<\/p>\n\n\n\n<p>A decis\u00e3o restabelece o uso de tr\u00eas tipos de radares m\u00f3veis:<\/p>\n\n\n\n<p>Est\u00e1ticos: instalados em ve\u00edculo parado ou sobre suporte<br>M\u00f3veis: instalados em ve\u00edculo em movimento<br>Port\u00e1teis: direcionados manualmente para os ve\u00edculos<\/p>\n\n\n\n<p><strong>O que diz a decis\u00e3o?<\/strong><\/p>\n\n\n\n<p>De acordo com o juiz Marcelo Monteiro, o despacho do presidente desrespeitou a compet\u00eancia legal do Conselho Nacional de Tr\u00e2nsito (Contran) de &#8220;aprovar, complementar ou alterar os dispositivos de sinaliza\u00e7\u00e3o e os dispositivos e equipamentos de tr\u00e2nsito&#8221;.<\/p>\n\n\n\n<p>O magistrado afirma que o ato foi tomado sem embasamento t\u00e9cnico e que a absten\u00e7\u00e3o estatal de fiscalizar as rodovias &#8220;caracteriza prote\u00e7\u00e3o deficiente dos direitos \u00e0 vida, sa\u00fade e seguran\u00e7a no tr\u00e2nsito&#8221;.<\/p>\n\n\n\n<p>&#8220;Ao contr\u00e1rio do que sustentado pela Uni\u00e3o em sua manifesta\u00e7\u00e3o, n\u00e3o \u00e9 a medida judicial buscada nesta a\u00e7\u00e3o que \u00e9 capaz de importar em viola\u00e7\u00e3o \u00e0 separa\u00e7\u00e3o dos poderes, mas o pr\u00f3prio ato questionado ao suprimir a atua\u00e7\u00e3o de \u00f3rg\u00e3o colegiado cujo funcionamento est\u00e1 disciplinado em ato proveniente do Poder Legislativo.&#8221;<\/p>\n\n\n\n<p>Na decis\u00e3o, o juiz tamb\u00e9m cita a possibilidade de aumento no n\u00famero de acidentes. Dados da Pol\u00edcia Rodovi\u00e1ria Federal mostram que, desde que o uso dos aparelhos foi suspenso, os acidentes em rodovias federais cresceram.<\/p>\n\n\n\n<p>Entre 16 de agosto e 31 de outubro, foram registrados 14.629 acidentes, 7,2% a mais em rela\u00e7\u00e3o ao mesmo per\u00edodo de 2018.<\/p>\n\n\n\n<p>O n\u00famero de mortos tamb\u00e9m subiu na mesma compara\u00e7\u00e3o. Passou de 1.089 para 1.102, um aumento de 1,19%. O volume de feridos tamb\u00e9m teve alta, de 7,1%, indo de 15.726, em 2018, para 16.843. O crescimento interrompeu uma sequ\u00eancia de quatro anos de queda para o per\u00edodo.<\/p>\n\n\n\n<p><strong>Ordem do governo<\/strong><\/p>\n\n\n\n<p>\u00c0 \u00e9poca em que suspendeu a utiliza\u00e7\u00e3o dos radares m\u00f3veis, o governo federal afirmou que a norma deveria valer &#8220;at\u00e9 que o Minist\u00e9rio da Infraestrutura conclua a reavalia\u00e7\u00e3o da regulamenta\u00e7\u00e3o dos procedimentos de fiscaliza\u00e7\u00e3o eletr\u00f4nica de velocidade&#8221;. N\u00e3o foi estipulado prazo para que isso aconte\u00e7a.<\/p>\n\n\n\n<p>Ap\u00f3s a decis\u00e3o da Justi\u00e7a Federal, o presidente Jair Bolsonaro afirmou que determinou \u00e0 Advocacia-Geral da Uni\u00e3o (AGU) que apresente recurso contra a medida.<\/p>\n\n\n\n<p>Especialistas criticaram a medida \u00e0 ocasi\u00e3o. De acordo com o especialista em tr\u00e2nsito Celso Mariano, a retirada dos radares m\u00f3veis pode estimular os motoristas a dirigirem acima do limite de velocidade.<\/p>\n\n\n\n<p>&#8220;Sabendo que n\u00e3o vai ter fiscaliza\u00e7\u00e3o, a tend\u00eancia \u00e9 que corram mais&#8221;, afirmou.<\/p>\n\n\n\n<p><strong>O que diz a PRF?<\/strong><\/p>\n\n\n\n<p>&#8220;Bras\u00edlia, 16 de dezembro de 2019 &#8211; A Pol\u00edcia Rodovi\u00e1ria Federal (PRF) foi notificada pela Justi\u00e7a do Distrito Federal quanto \u00e0 decis\u00e3o do Juiz Federal Substituto da 1\u00aa Vara \u2013 SJ\/DF, Marcelo Gentil Monteiro, determinando \u00e0 PRF que adotasse, no prazo de 72 horas, todas as provid\u00eancias para o integral restabelecimento da fiscaliza\u00e7\u00e3o eletr\u00f4nica por meio dos radares est\u00e1ticos, m\u00f3veis e port\u00e1teis nas rodovias federais.<\/p>\n\n\n\n<p>Neste \u00faltimo domingo, 15 de dezembro, uma nova decis\u00e3o foi proferida pelo mesmo ju\u00edzo, estendendo e escalonando os prazos at\u00e9 o dia 23 de dezembro para a retomada das fiscaliza\u00e7\u00f5es eletr\u00f4nicas por meio dos radares. O novo prazo surgiu em raz\u00e3o da necessidade da ado\u00e7\u00e3o de medidas administrativas para concretiza\u00e7\u00e3o da reativa\u00e7\u00e3o do uso dos equipamentos.<\/p>\n\n\n\n<p>A PRF informa \u00e0 sociedade que j\u00e1 iniciou as tratativas necess\u00e1rias, alinhada com o Minist\u00e9rio da Justi\u00e7a e Seguran\u00e7a P\u00fablica, para efetivar o cumprimento judicial que determina a retomada do uso dos radares nos procedimentos de fiscaliza\u00e7\u00e3o do \u00f3rg\u00e3o.<\/p>\n\n\n\n<p>Assim, a PRF estar\u00e1 reativando na sua rotina de atividades operacionais, no prazo e modo estipulado pela decis\u00e3o supracitada, a modalidade de fiscaliza\u00e7\u00e3o de velocidade com o uso dos equipamentos citados, priorizando o car\u00e1ter preventivo e educativo de seu emprego.&#8221;<\/p>\n","protected":false},"excerpt":{"rendered":"<p>A Pol\u00edcia Rodovi\u00e1ria Federal (PRF) tem at\u00e9 esta segunda-feira (23) para voltar com os radares m\u00f3veis das rodovias federais, segundo determina\u00e7\u00e3o do juiz Marcelo Gentil&hellip; <\/p>\n","protected":false},"author":1,"featured_media":142423,"comment_status":"closed","ping_status":"closed","sticky":false,"template":"","format":"standard","meta":{"sfsi_plus_gutenberg_text_before_share":"","sfsi_plus_gutenberg_show_text_before_share":"","sfsi_plus_gutenberg_icon_type":"","sfsi_plus_gutenberg_icon_alignemt":"","sfsi_plus_gutenburg_max_per_row":"","footnotes":""},"categories":[12],"tags":[],"class_list":["post-142421","post","type-post","status-publish","format-standard","has-post-thumbnail","hentry","category-policia"],"_links":{"self":[{"href":"https:\/\/www.caririemacao.com\/1\/wp-json\/wp\/v2\/posts\/142421","targetHints":{"allow":["GET"]}}],"collection":[{"href":"https:\/\/www.caririemacao.com\/1\/wp-json\/wp\/v2\/posts"}],"about":[{"href":"https:\/\/www.caririemacao.com\/1\/wp-json\/wp\/v2\/types\/post"}],"author":[{"embeddable":true,"href":"https:\/\/www.caririemacao.com\/1\/wp-json\/wp\/v2\/users\/1"}],"replies":[{"embeddable":true,"href":"https:\/\/www.caririemacao.com\/1\/wp-json\/wp\/v2\/comments?post=142421"}],"version-history":[{"count":1,"href":"https:\/\/www.caririemacao.com\/1\/wp-json\/wp\/v2\/posts\/142421\/revisions"}],"predecessor-version":[{"id":142424,"href":"https:\/\/www.caririemacao.com\/1\/wp-json\/wp\/v2\/posts\/142421\/revisions\/142424"}],"wp:featuredmedia":[{"embeddable":true,"href":"https:\/\/www.caririemacao.com\/1\/wp-json\/wp\/v2\/media\/142423"}],"wp:attachment":[{"href":"https:\/\/www.caririemacao.com\/1\/wp-json\/wp\/v2\/media?parent=142421"}],"wp:term":[{"taxonomy":"category","embeddable":true,"href":"https:\/\/www.caririemacao.com\/1\/wp-json\/wp\/v2\/categories?post=142421"},{"taxonomy":"post_tag","embeddable":true,"href":"https:\/\/www.caririemacao.com\/1\/wp-json\/wp\/v2\/tags?post=142421"}],"curies":[{"name":"wp","href":"https:\/\/api.w.org\/{rel}","templated":true}]}}