{"id":142435,"date":"2019-12-23T08:54:26","date_gmt":"2019-12-23T11:54:26","guid":{"rendered":"http:\/\/www.caririemacao.com\/1\/?p=142435"},"modified":"2019-12-23T08:54:26","modified_gmt":"2019-12-23T11:54:26","slug":"ricardo-coutinho-contesta-delacoes-premiadas-e-um-audio-com-alteracoes","status":"publish","type":"post","link":"https:\/\/www.caririemacao.com\/1\/2019\/12\/23\/ricardo-coutinho-contesta-delacoes-premiadas-e-um-audio-com-alteracoes\/","title":{"rendered":"Ricardo Coutinho contesta dela\u00e7\u00f5es premiadas: \u2018\u00e9 um \u00e1udio com altera\u00e7\u00f5es\u2019"},"content":{"rendered":"\n<p>O ex-governador Ricardo Coutinho decidiu se pronunciar na noite deste domingo (22) ap\u00f3s a exibi\u00e7\u00e3o de uma reportagem no Fant\u00e1stico sobre a Opera\u00e7\u00e3o Calv\u00e1rio e acusa\u00e7\u00f5es feitas pelos delatores contra ele. Pelas redes sociais, Ricardo contestou a veracidade das informa\u00e7\u00f5es que foram prestadas pelos delatores. Sobre os delatores, o ex-governador comentou que \u201ceu lamento pelo sofrimento que essas pessoas tiveram. Voc\u00ea percebe constrangimento para encaixar palavras que possam construir narrativas\u201d.<\/p>\n\n\n\n<p>J\u00e1 em rela\u00e7\u00e3o ao \u00e1udio apresentado pelo delator Daniel Gomes, Ricardo ressaltou que \u201cclaramente \u00e9 um \u00e1udio com altera\u00e7\u00f5es\u201d. No entanto, ele destaca que aconteceu um di\u00e1logo com Daniel sobre uma Organiza\u00e7\u00e3o Social que estava relutante em assumir um contrato. Neste caso, de acordo com Ricardo Coutinho, ele afirmou garantir \u201cque o Estado pagaria uma entrada de 10% para comprar os equipamentos do hospital\u201d.<\/p>\n\n\n\n<p>Al\u00e9m disso, no \u00e1udio de Daniel Gomes o ex-governador falava que o 13\u00ba estava garantido. Ricardo Coutinho afirmou que essa fala foi interpretada com m\u00e1-f\u00e9, j\u00e1 que ele se referia ao sal\u00e1rio do funcionalismo, que estava em dia.<\/p>\n\n\n\n<p>Durante sua fala, Ricardo Coutinho fez men\u00e7\u00e3o ao fato de supostamente estar sendo perseguido pela Opera\u00e7\u00e3o Calv\u00e1rio. Ele considerou que n\u00e3o foram apresentadas provas contundentes que indiquem a sua participa\u00e7\u00e3o em uma organiza\u00e7\u00e3o criminosa. \u201cExiste uma esp\u00e9cie de \u00f3dio gerado na pol\u00edtica. Que \u00e9 muito forte na Para\u00edba\u201d, comentou. Ele ainda destacou que \u201cos fins n\u00e3o justificam os meios. N\u00e3o se pode sair prendendo todo mundo\u201d.<br><\/p>\n\n\n\n<p>Sob o ponto de vista de Ricardo Coutinho, o que est\u00e1 tentando ser feito a partir da Opera\u00e7\u00e3o Calv\u00e1rio \u00e9 a destrui\u00e7\u00e3o de sua reputa\u00e7\u00e3o. \u201cSe voc\u00ea observar bem, se tenta negar tudo aquilo que a Para\u00edba mudou\u201d, declarou recordando a sua gest\u00e3o.<\/p>\n\n\n\n<p>\u201cEu acho que \u00e9 preciso ter muito cuidado com a nossa democracia. Est\u00e1 se destruindo a democracia. Essa forma de demoniza\u00e7\u00e3o da pol\u00edtica n\u00e3o est\u00e1 correta\u201d, declarou.<\/p>\n\n\n\n<p>Para encerrar a sua transmiss\u00e3o ao vivo, o ex-governador se direcionou aos paraibanos e declarou: \u201ceu pe\u00e7o \u00e0 Para\u00edba que antes de julgar, que conhe\u00e7a os fatos. Hoje \u00e9 muito f\u00e1cil condenar, muito f\u00e1cil ter opini\u00e3o. Todo mundo \u00e9 um juiz. O que eu luto \u00e9 apenas pelo estado de direito. Se tem que fazer apura\u00e7\u00e3o, que se fa\u00e7a apura\u00e7\u00e3o, mas n\u00e3o se tente encobrir todas as conquistas que esse estado teve. Que as pessoas percebam o que efetivamente est\u00e1 em jogo\u201d.<br><\/p>\n\n\n\n<p>Ap\u00f3s o fim da live, o arquivo de v\u00eddeo foi removido das redes sociais em que foi transmitido.<\/p>\n","protected":false},"excerpt":{"rendered":"<p>O ex-governador Ricardo Coutinho decidiu se pronunciar na noite deste domingo (22) ap\u00f3s a exibi\u00e7\u00e3o de uma reportagem no Fant\u00e1stico sobre a Opera\u00e7\u00e3o Calv\u00e1rio e&hellip; <\/p>\n","protected":false},"author":1,"featured_media":128144,"comment_status":"closed","ping_status":"closed","sticky":false,"template":"","format":"standard","meta":{"sfsi_plus_gutenberg_text_before_share":"","sfsi_plus_gutenberg_show_text_before_share":"","sfsi_plus_gutenberg_icon_type":"","sfsi_plus_gutenberg_icon_alignemt":"","sfsi_plus_gutenburg_max_per_row":"","footnotes":""},"categories":[11],"tags":[],"class_list":["post-142435","post","type-post","status-publish","format-standard","has-post-thumbnail","hentry","category-politica"],"_links":{"self":[{"href":"https:\/\/www.caririemacao.com\/1\/wp-json\/wp\/v2\/posts\/142435","targetHints":{"allow":["GET"]}}],"collection":[{"href":"https:\/\/www.caririemacao.com\/1\/wp-json\/wp\/v2\/posts"}],"about":[{"href":"https:\/\/www.caririemacao.com\/1\/wp-json\/wp\/v2\/types\/post"}],"author":[{"embeddable":true,"href":"https:\/\/www.caririemacao.com\/1\/wp-json\/wp\/v2\/users\/1"}],"replies":[{"embeddable":true,"href":"https:\/\/www.caririemacao.com\/1\/wp-json\/wp\/v2\/comments?post=142435"}],"version-history":[{"count":1,"href":"https:\/\/www.caririemacao.com\/1\/wp-json\/wp\/v2\/posts\/142435\/revisions"}],"predecessor-version":[{"id":142436,"href":"https:\/\/www.caririemacao.com\/1\/wp-json\/wp\/v2\/posts\/142435\/revisions\/142436"}],"wp:featuredmedia":[{"embeddable":true,"href":"https:\/\/www.caririemacao.com\/1\/wp-json\/wp\/v2\/media\/128144"}],"wp:attachment":[{"href":"https:\/\/www.caririemacao.com\/1\/wp-json\/wp\/v2\/media?parent=142435"}],"wp:term":[{"taxonomy":"category","embeddable":true,"href":"https:\/\/www.caririemacao.com\/1\/wp-json\/wp\/v2\/categories?post=142435"},{"taxonomy":"post_tag","embeddable":true,"href":"https:\/\/www.caririemacao.com\/1\/wp-json\/wp\/v2\/tags?post=142435"}],"curies":[{"name":"wp","href":"https:\/\/api.w.org\/{rel}","templated":true}]}}