{"id":142456,"date":"2019-12-23T09:06:37","date_gmt":"2019-12-23T12:06:37","guid":{"rendered":"http:\/\/www.caririemacao.com\/1\/?p=142456"},"modified":"2019-12-23T09:06:37","modified_gmt":"2019-12-23T12:06:37","slug":"aesa-preve-chuvas-dentro-da-media-para-a-regiao-do-cariri-no-primeiro-trimestre-de-2020","status":"publish","type":"post","link":"https:\/\/www.caririemacao.com\/1\/2019\/12\/23\/aesa-preve-chuvas-dentro-da-media-para-a-regiao-do-cariri-no-primeiro-trimestre-de-2020\/","title":{"rendered":"AESA prev\u00ea chuvas dentro da m\u00e9dia para a regi\u00e3o do Cariri no primeiro trimestre de 2020"},"content":{"rendered":"\n<p>A previs\u00e3o do tempo para o primeiro trimestre de 2020 favorece a ocorr\u00eancia de chuvas, na Para\u00edba. A informa\u00e7\u00e3o \u00e9 da Ag\u00eancia Executiva de Gest\u00e3o das \u00c1guas do Estado da Para\u00edba (Aesa). As chuvas devem acontecer dentro da m\u00e9dia hist\u00f3rica no semi\u00e1rido paraibano, que contempla as regi\u00f5es do Alto Sert\u00e3o, Sert\u00e3o e Cariri\/Curimata\u00fa, entre os meses de janeiro e mar\u00e7o de 2020.<\/p>\n\n\n\n<p>De acordo com a meteorologista Marle Bandeira, o fen\u00f4meno El Ni\u00f1o, que provoca altera\u00e7\u00e3o significativas na distribui\u00e7\u00e3o da temperatura, com grande altera\u00e7\u00f5es no clima, n\u00e3o deve ocorrer. O fen\u00f4meno La Nin\u00e3 tamb\u00e9m n\u00e3o est\u00e1 previsto.<\/p>\n\n\n\n<p>\u201cHoje estamos com o Oceano Pac\u00edfico com uma condi\u00e7\u00e3o neutra. J\u00e1 o Oceano Atl\u00e2ntico, que se encontrava numa situa\u00e7\u00e3o n\u00e3o favor\u00e1vel, est\u00e1 nesses \u00faltimos meses com essa possibilidade de favorecimento\u201d, explicou a meteorologista.<\/p>\n\n\n\n<p>Em termo num\u00e9ricos, a estimativa \u00e9 de que os totais pluviom\u00e9tricos acumulados no per\u00edodo podem oscilar em uma margem de 20% com rela\u00e7\u00e3o \u00e0 m\u00e9dia hist\u00f3rica.<\/p>\n\n\n\n<p><em>Com G1 PB<\/em><\/p>\n","protected":false},"excerpt":{"rendered":"<p>A previs\u00e3o do tempo para o primeiro trimestre de 2020 favorece a ocorr\u00eancia de chuvas, na Para\u00edba. A informa\u00e7\u00e3o \u00e9 da Ag\u00eancia Executiva de Gest\u00e3o&hellip; <\/p>\n","protected":false},"author":1,"featured_media":84405,"comment_status":"closed","ping_status":"closed","sticky":false,"template":"","format":"standard","meta":{"sfsi_plus_gutenberg_text_before_share":"","sfsi_plus_gutenberg_show_text_before_share":"","sfsi_plus_gutenberg_icon_type":"","sfsi_plus_gutenberg_icon_alignemt":"","sfsi_plus_gutenburg_max_per_row":"","footnotes":""},"categories":[6,50],"tags":[],"class_list":["post-142456","post","type-post","status-publish","format-standard","has-post-thumbnail","hentry","category-cidades","category-destaque"],"_links":{"self":[{"href":"https:\/\/www.caririemacao.com\/1\/wp-json\/wp\/v2\/posts\/142456","targetHints":{"allow":["GET"]}}],"collection":[{"href":"https:\/\/www.caririemacao.com\/1\/wp-json\/wp\/v2\/posts"}],"about":[{"href":"https:\/\/www.caririemacao.com\/1\/wp-json\/wp\/v2\/types\/post"}],"author":[{"embeddable":true,"href":"https:\/\/www.caririemacao.com\/1\/wp-json\/wp\/v2\/users\/1"}],"replies":[{"embeddable":true,"href":"https:\/\/www.caririemacao.com\/1\/wp-json\/wp\/v2\/comments?post=142456"}],"version-history":[{"count":1,"href":"https:\/\/www.caririemacao.com\/1\/wp-json\/wp\/v2\/posts\/142456\/revisions"}],"predecessor-version":[{"id":142457,"href":"https:\/\/www.caririemacao.com\/1\/wp-json\/wp\/v2\/posts\/142456\/revisions\/142457"}],"wp:featuredmedia":[{"embeddable":true,"href":"https:\/\/www.caririemacao.com\/1\/wp-json\/wp\/v2\/media\/84405"}],"wp:attachment":[{"href":"https:\/\/www.caririemacao.com\/1\/wp-json\/wp\/v2\/media?parent=142456"}],"wp:term":[{"taxonomy":"category","embeddable":true,"href":"https:\/\/www.caririemacao.com\/1\/wp-json\/wp\/v2\/categories?post=142456"},{"taxonomy":"post_tag","embeddable":true,"href":"https:\/\/www.caririemacao.com\/1\/wp-json\/wp\/v2\/tags?post=142456"}],"curies":[{"name":"wp","href":"https:\/\/api.w.org\/{rel}","templated":true}]}}