{"id":142460,"date":"2019-12-23T09:09:19","date_gmt":"2019-12-23T12:09:19","guid":{"rendered":"http:\/\/www.caririemacao.com\/1\/?p=142460"},"modified":"2019-12-23T09:09:19","modified_gmt":"2019-12-23T12:09:19","slug":"paraiba-tem-52-casos-de-sarampo-confirmados-em-2019-4-casos-sao-na-regiao-do-cariri","status":"publish","type":"post","link":"https:\/\/www.caririemacao.com\/1\/2019\/12\/23\/paraiba-tem-52-casos-de-sarampo-confirmados-em-2019-4-casos-sao-na-regiao-do-cariri\/","title":{"rendered":"Para\u00edba tem 52 casos de sarampo confirmados em 2019; 4 casos s\u00e3o na regi\u00e3o do Cariri"},"content":{"rendered":"\n<p>Foram confirmados 52 casos de sarampo de janeiro at\u00e9 14 de dezembro, na Para\u00edba, de acordo com boletim epidemiol\u00f3gico divulgado nesta sexta-feira (20) pela Secretaria de Estado da Sa\u00fade (SES). Segundo o levantamento, foram notificados 331 casos suspeitos de sarampo, em 81 dos 223 munic\u00edpios.<\/p>\n\n\n\n<p>Na regi\u00e3o do Cariri, 04 casos de sarampo foram confirmados nos munic\u00edpios de Barra de S\u00e3o Miguel, com 03 casos e no Congo, com 01 caso confirmado, de acordo com informa\u00e7\u00f5es repassadas pela Secretaria de Sa\u00fade da Para\u00edba.<\/p>\n\n\n\n<p>De acordo com o boletim, do total de notifica\u00e7\u00f5es, 52 casos (15,7%) foram confirmados, sendo 183 descartados ( 55,3%) e 96 em investiga\u00e7\u00e3o (29%). Dos 81 munic\u00edpios com notifica\u00e7\u00e3o de casos suspeitos, 17 apresentaram confirma\u00e7\u00e3o de casos.<\/p>\n\n\n\n<p>Ainda segundo o boletim, dos casos confirmados, 18 s\u00e3o em crian\u00e7as menores de cinco anos e 11 em adultos jovens de 20 a 29 anos, que respondem por 55,8% do total de casos confirmados levando em considera\u00e7\u00e3o a faixa et\u00e1ria.<\/p>\n\n\n\n<p>O sarampo \u00e9 uma doen\u00e7a infecciosa, transmiss\u00edvel e extremamente contagiosa, podendo evoluir com complica\u00e7\u00f5es e mortes, particularmente em crian\u00e7as desnutridas e menores de um ano de idade, de acordo com a Secretaria de Estado da Sa\u00fade.<\/p>\n\n\n\n<p>No que diz respeito \u00e0 vacina tr\u00edplice viral, que protege contra o sarampo, caxumba e rub\u00e9ola, o boletim aponta que dos 223 munic\u00edpios paraibanos, apenas 157 (70,4%) apresentaram cobertura vacinal igual ou maior que 95%, at\u00e9 o m\u00eas de novembro. No entanto, a cobertura do Estado at\u00e9 outubro estava em 104,16%.<\/p>\n\n\n\n<h2 class=\"wp-block-heading\"><strong>Casos confirmados de sarampo na Para\u00edba<\/strong><\/h2>\n\n\n\n<ul class=\"wp-block-list\"><li>Bananeiras- 1 caso<\/li><li><strong>Barra de S\u00e3o Miguel- 3 casos<\/strong><\/li><li>Bayeux- 3 casos<\/li><li>Cabedelo- 2 casos<\/li><li>Campina Grande- 4 casos<\/li><li>Conde- 1 caso<\/li><li><strong>Congo- 1 caso<\/strong><\/li><li>Guarabira- 1 caso<\/li><li>Imaculada- 1 caso<\/li><li>Jo\u00e3o Pessoa- 18 casos<\/li><li>Lagoa Seca- 1 caso<\/li><li>Mamanguape- 1 caso<\/li><li>Santa Cec\u00edlia- 2 casos<\/li><li>Santa Cruz- 1 caso<\/li><li>Santa Rita- 4 casos<\/li><li>S\u00e3o Miguel de Taipu- 2 casos<\/li><li>Sousa- 6 casos<\/li><\/ul>\n\n\n\n<p><em>Com G1 PB<\/em><\/p>\n","protected":false},"excerpt":{"rendered":"<p>Foram confirmados 52 casos de sarampo de janeiro at\u00e9 14 de dezembro, na Para\u00edba, de acordo com boletim epidemiol\u00f3gico divulgado nesta sexta-feira (20) pela Secretaria&hellip; <\/p>\n","protected":false},"author":1,"featured_media":59383,"comment_status":"closed","ping_status":"closed","sticky":false,"template":"","format":"standard","meta":{"sfsi_plus_gutenberg_text_before_share":"","sfsi_plus_gutenberg_show_text_before_share":"","sfsi_plus_gutenberg_icon_type":"","sfsi_plus_gutenberg_icon_alignemt":"","sfsi_plus_gutenburg_max_per_row":"","footnotes":""},"categories":[6],"tags":[],"class_list":["post-142460","post","type-post","status-publish","format-standard","has-post-thumbnail","hentry","category-cidades"],"_links":{"self":[{"href":"https:\/\/www.caririemacao.com\/1\/wp-json\/wp\/v2\/posts\/142460","targetHints":{"allow":["GET"]}}],"collection":[{"href":"https:\/\/www.caririemacao.com\/1\/wp-json\/wp\/v2\/posts"}],"about":[{"href":"https:\/\/www.caririemacao.com\/1\/wp-json\/wp\/v2\/types\/post"}],"author":[{"embeddable":true,"href":"https:\/\/www.caririemacao.com\/1\/wp-json\/wp\/v2\/users\/1"}],"replies":[{"embeddable":true,"href":"https:\/\/www.caririemacao.com\/1\/wp-json\/wp\/v2\/comments?post=142460"}],"version-history":[{"count":1,"href":"https:\/\/www.caririemacao.com\/1\/wp-json\/wp\/v2\/posts\/142460\/revisions"}],"predecessor-version":[{"id":142461,"href":"https:\/\/www.caririemacao.com\/1\/wp-json\/wp\/v2\/posts\/142460\/revisions\/142461"}],"wp:featuredmedia":[{"embeddable":true,"href":"https:\/\/www.caririemacao.com\/1\/wp-json\/wp\/v2\/media\/59383"}],"wp:attachment":[{"href":"https:\/\/www.caririemacao.com\/1\/wp-json\/wp\/v2\/media?parent=142460"}],"wp:term":[{"taxonomy":"category","embeddable":true,"href":"https:\/\/www.caririemacao.com\/1\/wp-json\/wp\/v2\/categories?post=142460"},{"taxonomy":"post_tag","embeddable":true,"href":"https:\/\/www.caririemacao.com\/1\/wp-json\/wp\/v2\/tags?post=142460"}],"curies":[{"name":"wp","href":"https:\/\/api.w.org\/{rel}","templated":true}]}}