{"id":142464,"date":"2019-12-23T09:13:28","date_gmt":"2019-12-23T12:13:28","guid":{"rendered":"http:\/\/www.caririemacao.com\/1\/?p=142464"},"modified":"2019-12-23T09:13:28","modified_gmt":"2019-12-23T12:13:28","slug":"ricardo-coutinho-faz-criticas-ao-ministerio-publico-e-elogia-ministro-que-o-soltou","status":"publish","type":"post","link":"https:\/\/www.caririemacao.com\/1\/2019\/12\/23\/ricardo-coutinho-faz-criticas-ao-ministerio-publico-e-elogia-ministro-que-o-soltou\/","title":{"rendered":"Ricardo Coutinho faz cr\u00edticas ao Minist\u00e9rio P\u00fablico e elogia ministro que o soltou"},"content":{"rendered":"\n<p>Apontado como chefe da organiza\u00e7\u00e3o criminosa que desviou recursos p\u00fablicos na sa\u00fade e educa\u00e7\u00e3o da Para\u00edba, o ex-governador Ricardo Coutinho (PSB) criticou e chamou de \u201cespetaculariza\u00e7\u00e3o\u201d a atua\u00e7\u00e3o do Minist\u00e9rio P\u00fablico Federal (MP-PB) na Opera\u00e7\u00e3o Calv\u00e1rio, que o prendeu na \u00faltima quinta-feira (19).<\/p>\n\n\n\n<p>Em live realizada na noite deste domingo (22), Coutinho \u2013 solto nesse s\u00e1bado (21) ap\u00f3s habeas corpus concedido pelo ministro Napole\u00e3o Nunes Maia, do Superior Tribunal de Justi\u00e7a (STJ) \u2013 considerou a sua pris\u00e3o arbitr\u00e1ria e criticou os m\u00e9todos do MP.<\/p>\n\n\n\n<p>\u201cConsidero a pris\u00e3o complemente arbitr\u00e1ria, n\u00e3o \u00e9 poss\u00edvel que a pris\u00e3o preventiva se torne um m\u00e9todo de interrogat\u00f3rio\u201d, disse. \u201cVoc\u00ea n\u00e3o tem contemporaneidade nos fatos, n\u00e3o tem os fatos ocorridos naquele momento\u201d, contestou a legitimidade dos \u00e1udios em que aparece negociando suposto repasse de propina com Daniel Gomes, dirigente da Cruz Vermelha.<\/p>\n\n\n\n<p>\u201c[O Minist\u00e9rio P\u00fablico] for\u00e7ou a barra para o espet\u00e1culo de me verem preso, para que se possa ter um efeito na conjuntura pol\u00edtica. O que existe \u00e9 um esfor\u00e7o enorme de se negar um projeto que mudou o estado de forma muito grande\u201d, continuou.<\/p>\n\n\n\n<p>Ricardo Coutinho fez elogios ao ministro Napole\u00e3o Nunes Maia. \u201cO ministro Napole\u00e3o em 9 paginas desmontou 200 paginas de acusa\u00e7\u00e3o. N\u00e3o sou mais governador, n\u00e3o tenho mais rela\u00e7\u00e3o [com Jo\u00e3o Azev\u00eado], rompemos politicamente, houve uma persegui\u00e7\u00e3o aos melhores quadros que o governo tinha\u201d, contrap\u00f4s a uma eventual influ\u00eancia no atual governo.<\/p>\n\n\n\n<p>O ex-governador n\u00e3o comentou sobre os novos trechos da dela\u00e7\u00e3o da ex-secret\u00e1ria de Administra\u00e7\u00e3o do Estado, Liv\u00e2nia.<\/p>\n\n\n\n<p><em>Mais PB<\/em><\/p>\n","protected":false},"excerpt":{"rendered":"<p>Apontado como chefe da organiza\u00e7\u00e3o criminosa que desviou recursos p\u00fablicos na sa\u00fade e educa\u00e7\u00e3o da Para\u00edba, o ex-governador Ricardo Coutinho (PSB) criticou e chamou de&hellip; <\/p>\n","protected":false},"author":1,"featured_media":142466,"comment_status":"closed","ping_status":"closed","sticky":false,"template":"","format":"standard","meta":{"sfsi_plus_gutenberg_text_before_share":"","sfsi_plus_gutenberg_show_text_before_share":"","sfsi_plus_gutenberg_icon_type":"","sfsi_plus_gutenberg_icon_alignemt":"","sfsi_plus_gutenburg_max_per_row":"","footnotes":""},"categories":[11],"tags":[],"class_list":["post-142464","post","type-post","status-publish","format-standard","has-post-thumbnail","hentry","category-politica"],"_links":{"self":[{"href":"https:\/\/www.caririemacao.com\/1\/wp-json\/wp\/v2\/posts\/142464","targetHints":{"allow":["GET"]}}],"collection":[{"href":"https:\/\/www.caririemacao.com\/1\/wp-json\/wp\/v2\/posts"}],"about":[{"href":"https:\/\/www.caririemacao.com\/1\/wp-json\/wp\/v2\/types\/post"}],"author":[{"embeddable":true,"href":"https:\/\/www.caririemacao.com\/1\/wp-json\/wp\/v2\/users\/1"}],"replies":[{"embeddable":true,"href":"https:\/\/www.caririemacao.com\/1\/wp-json\/wp\/v2\/comments?post=142464"}],"version-history":[{"count":1,"href":"https:\/\/www.caririemacao.com\/1\/wp-json\/wp\/v2\/posts\/142464\/revisions"}],"predecessor-version":[{"id":142467,"href":"https:\/\/www.caririemacao.com\/1\/wp-json\/wp\/v2\/posts\/142464\/revisions\/142467"}],"wp:featuredmedia":[{"embeddable":true,"href":"https:\/\/www.caririemacao.com\/1\/wp-json\/wp\/v2\/media\/142466"}],"wp:attachment":[{"href":"https:\/\/www.caririemacao.com\/1\/wp-json\/wp\/v2\/media?parent=142464"}],"wp:term":[{"taxonomy":"category","embeddable":true,"href":"https:\/\/www.caririemacao.com\/1\/wp-json\/wp\/v2\/categories?post=142464"},{"taxonomy":"post_tag","embeddable":true,"href":"https:\/\/www.caririemacao.com\/1\/wp-json\/wp\/v2\/tags?post=142464"}],"curies":[{"name":"wp","href":"https:\/\/api.w.org\/{rel}","templated":true}]}}