{"id":142481,"date":"2019-12-23T09:37:35","date_gmt":"2019-12-23T12:37:35","guid":{"rendered":"http:\/\/www.caririemacao.com\/1\/?p=142481"},"modified":"2019-12-23T09:37:35","modified_gmt":"2019-12-23T12:37:35","slug":"lula-ja-e-uma-carta-fora-do-baralho-diz-bolsonaro-em-entrevista-ao-sbt","status":"publish","type":"post","link":"https:\/\/www.caririemacao.com\/1\/2019\/12\/23\/lula-ja-e-uma-carta-fora-do-baralho-diz-bolsonaro-em-entrevista-ao-sbt\/","title":{"rendered":"&#8216;Lula j\u00e1 \u00e9 uma carta fora do baralho&#8217;, diz Bolsonaro em entrevista ao SBT"},"content":{"rendered":"\n<p>Em entrevista para o programa &#8220;Poder em Foco&#8221; do SBT, exibida na madrugada desta segunda-feira (23), o presidente Jair Bolsonaro disse que Lula \u00e9 &#8220;carta fora do baralho&#8221; nas elei\u00e7\u00f5es de 2022. Comentou tamb\u00e9m sobre a poss\u00edvel candidatura \u00e0 reelei\u00e7\u00e3o, fez um balan\u00e7o sobre os aspectos positivos do seu primeiro ano de governo e falou sobre a reforma tribut\u00e1ria.<\/p>\n\n\n\n<p>Ao ser questionado sobre a influ\u00eancia do PT e do ex-presidente Lula nas pr\u00f3ximas elei\u00e7\u00f5es presidenciais, Bolsonaro disse que mesmo se o petista continuar em liberdade ele est\u00e1 impossibilitado de disputar, porque j\u00e1 est\u00e1 condenado.<\/p>\n\n\n\n<p>&#8220;Ele n\u00e3o \u00e9 cabo eleitoral para mais ningu\u00e9m. Quando eu andava pelo Brasil na pr\u00e9-campanha era recebido em aeroportos por milhares de pessoas&#8221;, disse. &#8220;Agora o Lula nas suas poucas andan\u00e7as \u00e9 criticado e vaiado. Eu acredito que o Lula j\u00e1 \u00e9 uma carta fora do baralho&#8221;, completou.<\/p>\n\n\n\n<p>Perguntado se pretendia se candidatar \u00e0 reelei\u00e7\u00e3o, Bolsonaro lembrou que durante a campanha prometeu que abriria m\u00e3o da candidatura se fosse realizada a reforma pol\u00edtica. &#8220;Como isso n\u00f3s sabemos que n\u00e3o vai acontecer se eu estiver bem eu disputo&#8221;, disse.<\/p>\n\n\n\n<p>Ao fazer um balan\u00e7o sobre o seu primeiro ano de governo o presidente falou que os aspectos positivos s\u00e3o os n\u00fameros. &#8220;Tivemos a menor taxa Selic que se podia imaginar (4,5%). O risco Brasil l\u00e1 embaixo e uma infla\u00e7\u00e3o na m\u00e9dia da proje\u00e7\u00e3o. Isso da\u00ed estimula as pessoas a investir&#8221;, disse Bolsonaro.<\/p>\n\n\n\n<p>Completou falando que deve terminar o ano sem nenhum caso de corrup\u00e7\u00e3o e com mais ou menos 900 mil empregos criados. &#8220;Para quem estava em uma taxa crescente de desemprego esses s\u00e3o n\u00fameros muito auspiciosos&#8221;. Creditou tamb\u00e9m a melhora na economia \u00e0 maior confian\u00e7a dos demais pa\u00edses no Brasil, que tem sido sinalizada com o aumento dos investimentos.<\/p>\n\n\n\n<p>O presidente foi tamb\u00e9m questionado sobre a reforma tribut\u00e1ria e a proposta de reduzir os encargos na folha de pagamento das empresas. Segundo ele, sem que o governo perca com isso, h\u00e1 a possibilidade de se criar impostos, como a CPMF, desde que outros encargos sejam extintos.&nbsp;<\/p>\n\n\n\n<p>&#8220;O que eu tenho falado para o Paulo Guedes \u00e9 para ele n\u00e3o falar em reforma, mas em simplifica\u00e7\u00e3o tribut\u00e1ria&#8221;, concluiu o presidente.<\/p>\n","protected":false},"excerpt":{"rendered":"<p>Em entrevista para o programa &#8220;Poder em Foco&#8221; do SBT, exibida na madrugada desta segunda-feira (23), o presidente Jair Bolsonaro disse que Lula \u00e9 &#8220;carta&hellip; <\/p>\n","protected":false},"author":1,"featured_media":142482,"comment_status":"closed","ping_status":"closed","sticky":false,"template":"","format":"standard","meta":{"sfsi_plus_gutenberg_text_before_share":"","sfsi_plus_gutenberg_show_text_before_share":"","sfsi_plus_gutenberg_icon_type":"","sfsi_plus_gutenberg_icon_alignemt":"","sfsi_plus_gutenburg_max_per_row":"","footnotes":""},"categories":[11],"tags":[],"class_list":["post-142481","post","type-post","status-publish","format-standard","has-post-thumbnail","hentry","category-politica"],"_links":{"self":[{"href":"https:\/\/www.caririemacao.com\/1\/wp-json\/wp\/v2\/posts\/142481","targetHints":{"allow":["GET"]}}],"collection":[{"href":"https:\/\/www.caririemacao.com\/1\/wp-json\/wp\/v2\/posts"}],"about":[{"href":"https:\/\/www.caririemacao.com\/1\/wp-json\/wp\/v2\/types\/post"}],"author":[{"embeddable":true,"href":"https:\/\/www.caririemacao.com\/1\/wp-json\/wp\/v2\/users\/1"}],"replies":[{"embeddable":true,"href":"https:\/\/www.caririemacao.com\/1\/wp-json\/wp\/v2\/comments?post=142481"}],"version-history":[{"count":1,"href":"https:\/\/www.caririemacao.com\/1\/wp-json\/wp\/v2\/posts\/142481\/revisions"}],"predecessor-version":[{"id":142483,"href":"https:\/\/www.caririemacao.com\/1\/wp-json\/wp\/v2\/posts\/142481\/revisions\/142483"}],"wp:featuredmedia":[{"embeddable":true,"href":"https:\/\/www.caririemacao.com\/1\/wp-json\/wp\/v2\/media\/142482"}],"wp:attachment":[{"href":"https:\/\/www.caririemacao.com\/1\/wp-json\/wp\/v2\/media?parent=142481"}],"wp:term":[{"taxonomy":"category","embeddable":true,"href":"https:\/\/www.caririemacao.com\/1\/wp-json\/wp\/v2\/categories?post=142481"},{"taxonomy":"post_tag","embeddable":true,"href":"https:\/\/www.caririemacao.com\/1\/wp-json\/wp\/v2\/tags?post=142481"}],"curies":[{"name":"wp","href":"https:\/\/api.w.org\/{rel}","templated":true}]}}