{"id":142493,"date":"2019-12-23T09:41:05","date_gmt":"2019-12-23T12:41:05","guid":{"rendered":"http:\/\/www.caririemacao.com\/1\/?p=142493"},"modified":"2019-12-23T09:41:05","modified_gmt":"2019-12-23T12:41:05","slug":"barragem-de-rejeitos-transborda-em-minas-gerais","status":"publish","type":"post","link":"https:\/\/www.caririemacao.com\/1\/2019\/12\/23\/barragem-de-rejeitos-transborda-em-minas-gerais\/","title":{"rendered":"Barragem de rejeitos transborda em Minas Gerais"},"content":{"rendered":"\n<p>A Ag\u00eancia Nacional de Minera\u00e7\u00e3o (ANM) afirmou na noite deste domingo (22) que uma barragem transbordou por causa de uma forte chuva na sexta-feira (20) em Congonhas, na Regi\u00e3o Central de Minas Gerais.<\/p>\n\n\n\n<p>A ag\u00eancia afirmou que n\u00e3o aconteceu rompimento na barragem de Josino, da empresa Ferro + Minera\u00e7\u00e3o S.A. A estrutura, constru\u00edda pelo m\u00e9todo a jusante, tem volume de 16,6 mil metros c\u00fabicos de sedimentos de minera\u00e7\u00e3o e 9 metros de altura.<\/p>\n\n\n\n<p>A barragem est\u00e1 classificada dentro da Pol\u00edtica Nacional de Seguran\u00e7a de Barragens, com categoria de risco baixa e dano potencial associado m\u00e9dio.<\/p>\n\n\n\n<p>A ANM disse que a empresa Ferro + Minera\u00e7\u00e3o S.A enviou, em setembro deste ano, a Declara\u00e7\u00e3o de Condi\u00e7\u00e3o de Estabilidade. Em extrato de inspe\u00e7\u00e3o enviado em 05 de dezembro, a barragem n\u00e3o possu\u00eda anomalias.<\/p>\n\n\n\n<p>O temporal que provocou o transbordamento da barragem teve um acumulado de 97 mil\u00edmetros em uma hora e meia.<\/p>\n\n\n\n<p>Uma equipe da ANM est\u00e1 no local e mais t\u00e9cnicos est\u00e3o a caminho para averigua\u00e7\u00e3o e a\u00e7\u00f5es pertinentes.<\/p>\n\n\n\n<p>O G1 tenta contato com a empresa Ferro + Minera\u00e7\u00e3o S.A.<\/p>\n\n\n\n<p>De acordo com a Defesa Civil de Congonhas, o transbordamento atingiu a capta\u00e7\u00e3o de \u00e1gua. Cerca de dois mil moradores do bairro Pires est\u00e3o com abastecimento prejudicado. N\u00e3o houve v\u00edtimas.<\/p>\n\n\n\n<p>Ainda conforme a Defesa Civil, os sedimentos chegaram a atingir um trecho da BR-040.<\/p>\n","protected":false},"excerpt":{"rendered":"<p>A Ag\u00eancia Nacional de Minera\u00e7\u00e3o (ANM) afirmou na noite deste domingo (22) que uma barragem transbordou por causa de uma forte chuva na sexta-feira (20)&hellip; <\/p>\n","protected":false},"author":1,"featured_media":142496,"comment_status":"closed","ping_status":"closed","sticky":false,"template":"","format":"standard","meta":{"sfsi_plus_gutenberg_text_before_share":"","sfsi_plus_gutenberg_show_text_before_share":"","sfsi_plus_gutenberg_icon_type":"","sfsi_plus_gutenberg_icon_alignemt":"","sfsi_plus_gutenburg_max_per_row":"","footnotes":""},"categories":[6],"tags":[],"class_list":["post-142493","post","type-post","status-publish","format-standard","has-post-thumbnail","hentry","category-cidades"],"_links":{"self":[{"href":"https:\/\/www.caririemacao.com\/1\/wp-json\/wp\/v2\/posts\/142493","targetHints":{"allow":["GET"]}}],"collection":[{"href":"https:\/\/www.caririemacao.com\/1\/wp-json\/wp\/v2\/posts"}],"about":[{"href":"https:\/\/www.caririemacao.com\/1\/wp-json\/wp\/v2\/types\/post"}],"author":[{"embeddable":true,"href":"https:\/\/www.caririemacao.com\/1\/wp-json\/wp\/v2\/users\/1"}],"replies":[{"embeddable":true,"href":"https:\/\/www.caririemacao.com\/1\/wp-json\/wp\/v2\/comments?post=142493"}],"version-history":[{"count":1,"href":"https:\/\/www.caririemacao.com\/1\/wp-json\/wp\/v2\/posts\/142493\/revisions"}],"predecessor-version":[{"id":142497,"href":"https:\/\/www.caririemacao.com\/1\/wp-json\/wp\/v2\/posts\/142493\/revisions\/142497"}],"wp:featuredmedia":[{"embeddable":true,"href":"https:\/\/www.caririemacao.com\/1\/wp-json\/wp\/v2\/media\/142496"}],"wp:attachment":[{"href":"https:\/\/www.caririemacao.com\/1\/wp-json\/wp\/v2\/media?parent=142493"}],"wp:term":[{"taxonomy":"category","embeddable":true,"href":"https:\/\/www.caririemacao.com\/1\/wp-json\/wp\/v2\/categories?post=142493"},{"taxonomy":"post_tag","embeddable":true,"href":"https:\/\/www.caririemacao.com\/1\/wp-json\/wp\/v2\/tags?post=142493"}],"curies":[{"name":"wp","href":"https:\/\/api.w.org\/{rel}","templated":true}]}}