{"id":142516,"date":"2019-12-23T12:37:10","date_gmt":"2019-12-23T15:37:10","guid":{"rendered":"http:\/\/www.caririemacao.com\/1\/?p=142516"},"modified":"2019-12-23T12:37:10","modified_gmt":"2019-12-23T15:37:10","slug":"de-joao-para-ricardo-me-comprometi-com-a-continuidade-do-projeto-que-mudou-a-paraiba-nunca-com-atos-de-corrupcao","status":"publish","type":"post","link":"https:\/\/www.caririemacao.com\/1\/2019\/12\/23\/de-joao-para-ricardo-me-comprometi-com-a-continuidade-do-projeto-que-mudou-a-paraiba-nunca-com-atos-de-corrupcao\/","title":{"rendered":"De Jo\u00e3o para Ricardo: \u201cMe comprometi com a continuidade do projeto que mudou a Para\u00edba, nunca com atos de corrup\u00e7\u00e3o\u201d"},"content":{"rendered":"\n<p>O governador Jo\u00e3o Azevedo em entrevista coletiva concedida nesta manh\u00e3 de segunda-feira (23) respondeu a partir de indaga\u00e7\u00e3o de um jornalista as criticas feitas por Ricardo em uma live realizada ap\u00f3s sair da pris\u00e3o. O ex-governador disse que Jo\u00e3o Azevedo se comprometeu com a continuidade do projeto e quebrou a confian\u00e7a da popula\u00e7\u00e3o quando se afastou da ideia original de sua candidatura.<\/p>\n\n\n\n<p>Jo\u00e3o Azevedo disse que o \u00fanico compromisso que assumiu ao aceitar seu o candidato do grupo foi com o projeto de melhorias para a popula\u00e7\u00e3o que vinha modificando para melhor a vida dos paraibanos. Segundo o governador, ele jamais sabia ou imaginava o esquema de corrup\u00e7\u00e3o que havia dentro do Estado e nunca se comprometeu a mant\u00ea-lo em atividade, em benef\u00edcio de quem quer que seja. \u201cSe Ricardo se referia a esse projeto, eu de fato rompi desde o in\u00edcio de meu governo\u201d, arrematou o governador.<\/p>\n\n\n\n<p>\u201cMe comprometi sim com constru\u00e7\u00e3o de sistemas de \u00e1gua, melhoria nos \u00edndices de seguran\u00e7a, novas escolas e mais adutoras. Esse projeto \u00e9 o que dignifica a Para\u00edba e continuarei comprometido com ele at\u00e9 o fim de meu mandato. Com atos de corrup\u00e7\u00e3o nunca compactuarei e n\u00e3o aceito ser fiel a esse tipo de proposta\u201d, pontuou.<\/p>\n\n\n\n<p><strong>Assista \u00e0 coletiva do governador Jo\u00e3o Azevedo \u00e0 imprensa paraibana:<\/strong><\/p>\n\n\n\n<figure><iframe allowfullscreen=\"true\" data-src=\"https:\/\/staticxx.facebook.com\/connect\/xd_arbiter.php?version=44#channel=f3c53f924a9c3d8&amp;origin=http%3A%2F%2Fdeolhonocariri.com.br\" src=\"data:image\/svg+xml;base64,PHN2ZyB3aWR0aD0iMSIgaGVpZ2h0PSIxIiB4bWxucz0iaHR0cDovL3d3dy53My5vcmcvMjAwMC9zdmciPjwvc3ZnPg==\" class=\"lazyload\" data-load-mode=\"1\"><\/iframe><\/figure>\n\n\n\n<p><strong>De Olho no Cariri<\/strong><br><\/p>\n","protected":false},"excerpt":{"rendered":"<p>O governador Jo\u00e3o Azevedo em entrevista coletiva concedida nesta manh\u00e3 de segunda-feira (23) respondeu a partir de indaga\u00e7\u00e3o de um jornalista as criticas feitas por&hellip; <\/p>\n","protected":false},"author":1,"featured_media":142517,"comment_status":"closed","ping_status":"closed","sticky":false,"template":"","format":"standard","meta":{"sfsi_plus_gutenberg_text_before_share":"","sfsi_plus_gutenberg_show_text_before_share":"","sfsi_plus_gutenberg_icon_type":"","sfsi_plus_gutenberg_icon_alignemt":"","sfsi_plus_gutenburg_max_per_row":"","footnotes":""},"categories":[11],"tags":[],"class_list":["post-142516","post","type-post","status-publish","format-standard","has-post-thumbnail","hentry","category-politica"],"_links":{"self":[{"href":"https:\/\/www.caririemacao.com\/1\/wp-json\/wp\/v2\/posts\/142516","targetHints":{"allow":["GET"]}}],"collection":[{"href":"https:\/\/www.caririemacao.com\/1\/wp-json\/wp\/v2\/posts"}],"about":[{"href":"https:\/\/www.caririemacao.com\/1\/wp-json\/wp\/v2\/types\/post"}],"author":[{"embeddable":true,"href":"https:\/\/www.caririemacao.com\/1\/wp-json\/wp\/v2\/users\/1"}],"replies":[{"embeddable":true,"href":"https:\/\/www.caririemacao.com\/1\/wp-json\/wp\/v2\/comments?post=142516"}],"version-history":[{"count":1,"href":"https:\/\/www.caririemacao.com\/1\/wp-json\/wp\/v2\/posts\/142516\/revisions"}],"predecessor-version":[{"id":142518,"href":"https:\/\/www.caririemacao.com\/1\/wp-json\/wp\/v2\/posts\/142516\/revisions\/142518"}],"wp:featuredmedia":[{"embeddable":true,"href":"https:\/\/www.caririemacao.com\/1\/wp-json\/wp\/v2\/media\/142517"}],"wp:attachment":[{"href":"https:\/\/www.caririemacao.com\/1\/wp-json\/wp\/v2\/media?parent=142516"}],"wp:term":[{"taxonomy":"category","embeddable":true,"href":"https:\/\/www.caririemacao.com\/1\/wp-json\/wp\/v2\/categories?post=142516"},{"taxonomy":"post_tag","embeddable":true,"href":"https:\/\/www.caririemacao.com\/1\/wp-json\/wp\/v2\/tags?post=142516"}],"curies":[{"name":"wp","href":"https:\/\/api.w.org\/{rel}","templated":true}]}}