{"id":142522,"date":"2019-12-23T12:39:58","date_gmt":"2019-12-23T15:39:58","guid":{"rendered":"http:\/\/www.caririemacao.com\/1\/?p=142522"},"modified":"2019-12-23T12:39:58","modified_gmt":"2019-12-23T15:39:58","slug":"joao-azevedo-anuncia-que-secretaria-da-saude-vai-encerrar-todos-os-contratos-com-organizacoes-sociais","status":"publish","type":"post","link":"https:\/\/www.caririemacao.com\/1\/2019\/12\/23\/joao-azevedo-anuncia-que-secretaria-da-saude-vai-encerrar-todos-os-contratos-com-organizacoes-sociais\/","title":{"rendered":"Jo\u00e3o Azev\u00eado anuncia que Secretaria da Sa\u00fade vai encerrar todos os contratos com Organiza\u00e7\u00f5es Sociais"},"content":{"rendered":"\n<p>O governador Jo\u00e3o Azev\u00eado concedeu entrevista coletiva na manh\u00e3 desta segunda-feira (23) no Pal\u00e1cio da Reden\u00e7\u00e3o, em Jo\u00e3o Pessoa, ap\u00f3s os recentes desdobramentos da Opera\u00e7\u00e3o Calv\u00e1rio. Na oportunidade, ele anunciou que a Secretaria de Sa\u00fade do Estado da Para\u00edba ir\u00e1 encerrar todos os contratos com Organiza\u00e7\u00f5es Sociais at\u00e9 o m\u00eas de fevereiro, de acordo com cronograma j\u00e1 feito.<\/p>\n\n\n\n<p>J\u00e1 no pr\u00f3ximo dia 28 de fevereiro dever\u00e1 ser encerrado o contrato com o Hospital de Emerg\u00eancia e Trauma Senador Humberto Lucena, em Jo\u00e3o Pessoa. A Secretaria de Sa\u00fade dever\u00e1 assumir a gest\u00e3o do hospital.<\/p>\n\n\n\n<p>A expectativa do governador \u00e9 que a Assembleia Legislativa da Para\u00edba aprove at\u00e9 fevereiro a cria\u00e7\u00e3o da PB Sa\u00fade. Assim que os deputados aprovarem a cria\u00e7\u00e3o da empresa, ela dever\u00e1 gerir as unidades de sa\u00fade no Estado.<\/p>\n\n\n\n<p>Ele apontou ainda que a proposta de acabar com os contratos com as Organiza\u00e7\u00f5es Sociais \u201ctem como objetivo resolver dois problemas, a quest\u00e3o das OS\u2019s e a quest\u00e3o dos codificados\u201d.<\/p>\n\n\n\n<p><em>Com Click PB<\/em><\/p>\n","protected":false},"excerpt":{"rendered":"<p>O governador Jo\u00e3o Azev\u00eado concedeu entrevista coletiva na manh\u00e3 desta segunda-feira (23) no Pal\u00e1cio da Reden\u00e7\u00e3o, em Jo\u00e3o Pessoa, ap\u00f3s os recentes desdobramentos da Opera\u00e7\u00e3o&hellip; <\/p>\n","protected":false},"author":1,"featured_media":142525,"comment_status":"closed","ping_status":"closed","sticky":false,"template":"","format":"standard","meta":{"sfsi_plus_gutenberg_text_before_share":"","sfsi_plus_gutenberg_show_text_before_share":"","sfsi_plus_gutenberg_icon_type":"","sfsi_plus_gutenberg_icon_alignemt":"","sfsi_plus_gutenburg_max_per_row":"","footnotes":""},"categories":[11],"tags":[],"class_list":["post-142522","post","type-post","status-publish","format-standard","has-post-thumbnail","hentry","category-politica"],"_links":{"self":[{"href":"https:\/\/www.caririemacao.com\/1\/wp-json\/wp\/v2\/posts\/142522","targetHints":{"allow":["GET"]}}],"collection":[{"href":"https:\/\/www.caririemacao.com\/1\/wp-json\/wp\/v2\/posts"}],"about":[{"href":"https:\/\/www.caririemacao.com\/1\/wp-json\/wp\/v2\/types\/post"}],"author":[{"embeddable":true,"href":"https:\/\/www.caririemacao.com\/1\/wp-json\/wp\/v2\/users\/1"}],"replies":[{"embeddable":true,"href":"https:\/\/www.caririemacao.com\/1\/wp-json\/wp\/v2\/comments?post=142522"}],"version-history":[{"count":1,"href":"https:\/\/www.caririemacao.com\/1\/wp-json\/wp\/v2\/posts\/142522\/revisions"}],"predecessor-version":[{"id":142526,"href":"https:\/\/www.caririemacao.com\/1\/wp-json\/wp\/v2\/posts\/142522\/revisions\/142526"}],"wp:featuredmedia":[{"embeddable":true,"href":"https:\/\/www.caririemacao.com\/1\/wp-json\/wp\/v2\/media\/142525"}],"wp:attachment":[{"href":"https:\/\/www.caririemacao.com\/1\/wp-json\/wp\/v2\/media?parent=142522"}],"wp:term":[{"taxonomy":"category","embeddable":true,"href":"https:\/\/www.caririemacao.com\/1\/wp-json\/wp\/v2\/categories?post=142522"},{"taxonomy":"post_tag","embeddable":true,"href":"https:\/\/www.caririemacao.com\/1\/wp-json\/wp\/v2\/tags?post=142522"}],"curies":[{"name":"wp","href":"https:\/\/api.w.org\/{rel}","templated":true}]}}