{"id":142531,"date":"2019-12-23T12:42:53","date_gmt":"2019-12-23T15:42:53","guid":{"rendered":"http:\/\/www.caririemacao.com\/1\/?p=142531"},"modified":"2019-12-23T12:42:53","modified_gmt":"2019-12-23T15:42:53","slug":"prefeitura-de-sume-abre-processo-seletivo-para-medico-e-tecnico-de-enfermagem","status":"publish","type":"post","link":"https:\/\/www.caririemacao.com\/1\/2019\/12\/23\/prefeitura-de-sume-abre-processo-seletivo-para-medico-e-tecnico-de-enfermagem\/","title":{"rendered":"Prefeitura de Sum\u00e9 abre Processo Seletivo para m\u00e9dico e t\u00e9cnico de enfermagem"},"content":{"rendered":"\n<p>A Prefeitura de Sum\u00e9 abriu nesta segunda-feira (23\/12) inscri\u00e7\u00e3o de Processo Seletivo para contrata\u00e7\u00e3o de 02 (dois) m\u00e9dicos plantonistas e forma\u00e7\u00e3o de cadastro de reserva para o cargo de t\u00e9cnico de enfermagem, ambos para atuarem no Hospital e Maternidade Alice de Almeida.<\/p>\n\n\n\n<p>A remunera\u00e7\u00e3o para m\u00e9dico vai de R$ 1.000,00 a R$ 2.400,00 e para t\u00e9cnico de enfermagem \u00e9 de R$ 1.056,85.<\/p>\n\n\n\n<p>As inscri\u00e7\u00f5es v\u00e3o at\u00e9 a pr\u00f3xima sexta-feira (27\/12) e devem ser feitas EXCLUSIVAMENTE pela internet, atrav\u00e9s do endere\u00e7o eletr\u00f4nico:&nbsp;<strong><a href=\"https:\/\/docs.google.com\/forms\/d\/e\/1FAIpQLSd1nQrvMFETxozimV3EJ931o94_ymnBAU4m7S8xYgfbwxWtAw\/viewform?usp=sf_link\" target=\"_blank\" rel=\"noreferrer noopener\">VEJA AQUI<\/a><\/strong><\/p>\n\n\n\n<p>A taxa de inscri\u00e7\u00e3o para o Processo Seletivo Simplificado ser\u00e1 de R$ 20,00 (vinte reais) para o cargo de n\u00edvel m\u00e9dio e R$ 40,00 (quarenta reais) para o cargo de n\u00edvel superior.<\/p>\n\n\n\n<p>Antes de preencher a ficha de inscri\u00e7\u00e3o, o candidato dever\u00e1 realizar o pagamento da taxa de inscri\u00e7\u00e3o exclusivamente atrav\u00e9s de DEP\u00d3SITO IDENTIFICADO em conta banc\u00e1ria da Prefeitura Municipal de Sum\u00e9, Ag\u00eancia: 2697-2, Conta Corrente n\u00ba 5.397-X, Banco do Brasil. &nbsp;(N\u00e3o ser\u00e3o aceitos pagamentos da taxa atrav\u00e9s de transfer\u00eancia ou de dep\u00f3sito sem identifica\u00e7\u00e3o).<\/p>\n\n\n\n<p>Os documentos pessoais (RG, CPF, comprovante de endere\u00e7o) e comprobat\u00f3rios (cursos declara\u00e7\u00f5es, CTPS etc), inclusive o comprovante de dep\u00f3sito, dever\u00e3o estar digitalizados em formato PDF com tamanho m\u00e1ximo de 1MB.<\/p>\n\n\n\n<p>Confira o Edital na \u00cdntegra:&nbsp;<a href=\"http:\/\/www.sume.pb.gov.br\/wp-content\/uploads\/2019\/12\/Edital-de-Abertura-Processo-Seletivo-Simplificado-18-2019-_-T%C3%A9cnico-de-Enfermagem-e-M%C3%A9dico.pdf\">Edital de Abertura Processo Seletivo Simplificado 18-2019 _ T\u00e9cnico de Enfermagem e M\u00e9dico<\/a><\/p>\n\n\n\n<p><em>Ascom PMS<\/em><\/p>\n","protected":false},"excerpt":{"rendered":"<p>A Prefeitura de Sum\u00e9 abriu nesta segunda-feira (23\/12) inscri\u00e7\u00e3o de Processo Seletivo para contrata\u00e7\u00e3o de 02 (dois) m\u00e9dicos plantonistas e forma\u00e7\u00e3o de cadastro de reserva&hellip; <\/p>\n","protected":false},"author":1,"featured_media":84505,"comment_status":"closed","ping_status":"closed","sticky":false,"template":"","format":"standard","meta":{"sfsi_plus_gutenberg_text_before_share":"","sfsi_plus_gutenberg_show_text_before_share":"","sfsi_plus_gutenberg_icon_type":"","sfsi_plus_gutenberg_icon_alignemt":"","sfsi_plus_gutenburg_max_per_row":"","footnotes":""},"categories":[6],"tags":[],"class_list":["post-142531","post","type-post","status-publish","format-standard","has-post-thumbnail","hentry","category-cidades"],"_links":{"self":[{"href":"https:\/\/www.caririemacao.com\/1\/wp-json\/wp\/v2\/posts\/142531","targetHints":{"allow":["GET"]}}],"collection":[{"href":"https:\/\/www.caririemacao.com\/1\/wp-json\/wp\/v2\/posts"}],"about":[{"href":"https:\/\/www.caririemacao.com\/1\/wp-json\/wp\/v2\/types\/post"}],"author":[{"embeddable":true,"href":"https:\/\/www.caririemacao.com\/1\/wp-json\/wp\/v2\/users\/1"}],"replies":[{"embeddable":true,"href":"https:\/\/www.caririemacao.com\/1\/wp-json\/wp\/v2\/comments?post=142531"}],"version-history":[{"count":1,"href":"https:\/\/www.caririemacao.com\/1\/wp-json\/wp\/v2\/posts\/142531\/revisions"}],"predecessor-version":[{"id":142532,"href":"https:\/\/www.caririemacao.com\/1\/wp-json\/wp\/v2\/posts\/142531\/revisions\/142532"}],"wp:featuredmedia":[{"embeddable":true,"href":"https:\/\/www.caririemacao.com\/1\/wp-json\/wp\/v2\/media\/84505"}],"wp:attachment":[{"href":"https:\/\/www.caririemacao.com\/1\/wp-json\/wp\/v2\/media?parent=142531"}],"wp:term":[{"taxonomy":"category","embeddable":true,"href":"https:\/\/www.caririemacao.com\/1\/wp-json\/wp\/v2\/categories?post=142531"},{"taxonomy":"post_tag","embeddable":true,"href":"https:\/\/www.caririemacao.com\/1\/wp-json\/wp\/v2\/tags?post=142531"}],"curies":[{"name":"wp","href":"https:\/\/api.w.org\/{rel}","templated":true}]}}